{"id":152967,"date":"2024-06-26T14:30:00","date_gmt":"2024-06-26T20:30:00","guid":{"rendered":"https:\/\/nvnoticias.mx\/?p=152967"},"modified":"2024-06-27T00:52:57","modified_gmt":"2024-06-27T06:52:57","slug":"denuncian-intento-de-golpe-de-estado-en-bolivia","status":"publish","type":"post","link":"https:\/\/nvnoticias.mx\/index.php\/2024\/06\/26\/denuncian-intento-de-golpe-de-estado-en-bolivia\/","title":{"rendered":"Denuncian intento de golpe de Estado en Bolivia"},"content":{"rendered":"\n<p><\/p>\n\n\n\n<p>El presidente de\u00a0<strong>Bolivia<\/strong>,\u00a0<strong>Luis Arce<\/strong>, denunci\u00f3 &#8220;<strong>movimientos irregulares&#8221; de militares<\/strong>\u00a0en frente a la sede del Gobierno en la ciudad de\u00a0<strong>La Paz<\/strong>, mientras que ciudadanos y medios locales reportaron la\u00a0<strong>presencia de tanques y militares fuertemente armados<\/strong>.<\/p>\n\n\n\n<blockquote class=\"wp-block-quote is-layout-flow wp-block-quote-is-layout-flow\">\n<p><em>&#8220;Denunciamos movilizaciones irregulares de algunas unidades del Ej\u00e9rcito Boliviano. La\u00a0<strong>democracia debe respetarse<\/strong><\/em>&#8220;, alert\u00f3 Arce en cuenta de X.<\/p>\n<\/blockquote>\n\n\n\n<figure class=\"wp-block-embed is-type-rich is-provider-twitter wp-block-embed-twitter\"><div class=\"wp-block-embed__wrapper\">\n<blockquote class=\"twitter-tweet\" data-width=\"550\" data-dnt=\"true\"><p lang=\"es\" dir=\"ltr\">Denunciamos movilizaciones irregulares de algunas unidades del Ej\u00e9rcito Boliviano. La democracia debe respetarse.<\/p>&mdash; Luis Alberto Arce Catacora (Lucho Arce) (@LuchoXBolivia) <a href=\"https:\/\/twitter.com\/LuchoXBolivia\/status\/1806039196781666727?ref_src=twsrc%5Etfw\">June 26, 2024<\/a><\/blockquote><script async src=\"https:\/\/platform.twitter.com\/widgets.js\" charset=\"utf-8\"><\/script>\n<\/div><figcaption class=\"wp-element-caption\">Varios tanques y militares fuertemente armados tomaron la plaza frente a la sede del Ejecutivo boliviano, luego que el comandante general del Ej\u00e9rcito,\u00a0<strong>Juan Jos\u00e9 Zu\u00f1iga<\/strong>, amenazara con tomar el edificio.<\/figcaption><\/figure>\n\n\n\n<p>Ante el despliegue de tropas, el expresidente de&nbsp;<strong>Bolivia Evo Morales&nbsp;<\/strong>advirti\u00f3 en su cuenta de x que se gesta un &#8220;golpe de Estado&#8221; en el pa\u00eds.<\/p>\n\n\n\n<p>Tambi\u00e9n convoc\u00f3 a una &#8220;movilizaci\u00f3n nacional para defender la Democracia&#8221; y acus\u00f3 al comandante general del Ej\u00e9rcito de Bolivia,\u00a0<strong>Juan Jos\u00e9 Zu\u00f1iga,\u00a0<\/strong>de estar a la cabeza de la operaci\u00f3n militar.<\/p>\n\n\n\n<p>Fuente:<a href=\"https:\/\/www.eluniversal.com.mx\/mundo\/presidente-de-bolivia-denuncia-movilizaciones-irregulares-de-militares-en-la-paz\/\"> El Universal<\/a><\/p>\n","protected":false},"excerpt":{"rendered":"<p>El presidente de\u00a0Bolivia,\u00a0Luis Arce, denunci\u00f3 &#8220;movimientos irregulares&#8221; de militares\u00a0en frente a la sede del Gobierno en la ciudad de\u00a0La Paz, mientras que ciudadanos y medios locales reportaron la\u00a0presencia de tanques y militares fuertemente armados. &#8220;Denunciamos movilizaciones irregulares de algunas unidades del Ej\u00e9rcito Boliviano. La\u00a0democracia debe respetarse&#8220;, alert\u00f3 Arce en cuenta de X. Ante el despliegue [&hellip;]<\/p>\n","protected":false},"author":8,"featured_media":152969,"comment_status":"open","ping_status":"open","sticky":false,"template":"","format":"standard","meta":{"_monsterinsights_skip_tracking":false,"_monsterinsights_sitenote_active":false,"_monsterinsights_sitenote_note":"","_monsterinsights_sitenote_category":0,"footnotes":""},"categories":[181],"tags":[1925,975],"class_list":["post-152967","post","type-post","status-publish","format-standard","has-post-thumbnail","hentry","category-internacional","tag-bolivia","tag-golpe-de-estado","wp-image-borders"],"amp_enabled":true,"_links":{"self":[{"href":"https:\/\/nvnoticias.mx\/index.php\/wp-json\/wp\/v2\/posts\/152967","targetHints":{"allow":["GET"]}}],"collection":[{"href":"https:\/\/nvnoticias.mx\/index.php\/wp-json\/wp\/v2\/posts"}],"about":[{"href":"https:\/\/nvnoticias.mx\/index.php\/wp-json\/wp\/v2\/types\/post"}],"author":[{"embeddable":true,"href":"https:\/\/nvnoticias.mx\/index.php\/wp-json\/wp\/v2\/users\/8"}],"replies":[{"embeddable":true,"href":"https:\/\/nvnoticias.mx\/index.php\/wp-json\/wp\/v2\/comments?post=152967"}],"version-history":[{"count":1,"href":"https:\/\/nvnoticias.mx\/index.php\/wp-json\/wp\/v2\/posts\/152967\/revisions"}],"predecessor-version":[{"id":152968,"href":"https:\/\/nvnoticias.mx\/index.php\/wp-json\/wp\/v2\/posts\/152967\/revisions\/152968"}],"wp:featuredmedia":[{"embeddable":true,"href":"https:\/\/nvnoticias.mx\/index.php\/wp-json\/wp\/v2\/media\/152969"}],"wp:attachment":[{"href":"https:\/\/nvnoticias.mx\/index.php\/wp-json\/wp\/v2\/media?parent=152967"}],"wp:term":[{"taxonomy":"category","embeddable":true,"href":"https:\/\/nvnoticias.mx\/index.php\/wp-json\/wp\/v2\/categories?post=152967"},{"taxonomy":"post_tag","embeddable":true,"href":"https:\/\/nvnoticias.mx\/index.php\/wp-json\/wp\/v2\/tags?post=152967"}],"curies":[{"name":"wp","href":"https:\/\/api.w.org\/{rel}","templated":true}]}}