{"id":152960,"date":"2024-06-26T21:15:00","date_gmt":"2024-06-27T03:15:00","guid":{"rendered":"https:\/\/nvnoticias.mx\/?p=152960"},"modified":"2024-06-27T00:39:41","modified_gmt":"2024-06-27T06:39:41","slug":"inicia-el-carnaval-de-veracruz-con-la-quema-del-mal-humor","status":"publish","type":"post","link":"https:\/\/nvnoticias.mx\/index.php\/2024\/06\/26\/inicia-el-carnaval-de-veracruz-con-la-quema-del-mal-humor\/","title":{"rendered":"Inicia el Carnaval de Veracruz con la quema del Mal Humor\u00a0"},"content":{"rendered":"\n<p><\/p>\n\n\n\n<p><strong>Jes\u00fas Utrilla \/ NV Noticias<\/strong><\/p>\n\n\n\n<p>Con una ceremonia emblem\u00e1tica, la quema del &#8220;Mal Humor&#8221; marc\u00f3 el inicio del tan esperado Carnaval de Veracruz 2024, que celebra su centenario. <\/p>\n\n\n\n<p>La noche del mi\u00e9rcoles 26 de junio, la Plaza de la Rep\u00fablica se llen\u00f3 de vida y color, atrayendo a miles de familias y turistas que se congregaron para presenciar el inicio de esta hist\u00f3rica festividad.<\/p>\n\n\n\n<p>Pasadas las 20:00 horas, las autoridades municipales y el Comit\u00e9 de Carnaval se hicieron presentes en la explanada donde aguardaba la figura del &#8220;Mal Humor&#8221;.<\/p>\n\n\n\n<p>Este a\u00f1o, el dise\u00f1o del monigote fue particularmente llamativo: un emoji amarillo con manitas y peque\u00f1as pesta\u00f1as naranjas, simbolizando el mal humor. Forrado de tela y cart\u00f3n, el mu\u00f1eco ardi\u00f3 r\u00e1pidamente, convirti\u00e9ndose en cenizas en cuesti\u00f3n de segundos.<\/p>\n\n\n\n<p>Personal de Bomberos Municipales y Protecci\u00f3n Civil estuvieron atentos en todo momento, asegurando que el fuego fuera controlado de manera segura. <\/p>\n\n\n\n<p>Los asistentes, fascinados por el espect\u00e1culo, aplaudieron y vitorearon mientras los vendedores ambulantes aprovechaban la ocasi\u00f3n para ofrecer sus productos, a\u00f1adiendo al ambiente de alegr\u00eda y celebraci\u00f3n.<\/p>\n\n\n\n<p>La ceremonia fue seguida por un espect\u00e1culo de comedia a cargo de \u201cEl Jarocho Show\u201d y su grupo Barrio Nuevo, que mantuvieron a la multitud entretenida y risue\u00f1a.<\/p>\n\n\n\n<p>La quema del &#8220;Mal Humor&#8221; dio paso a siete d\u00edas de fiesta ininterrumpida en el puerto de Veracruz y su zona conurbada. <\/p>\n\n\n\n<p>El jueves 27 de junio, la coronaci\u00f3n de la corte real destacar\u00e1 con la presencia de la cantante Yuri como reina, invitada en honor a los 100 a\u00f1os de la fiesta. Esteban Ram\u00edrez Rojano, conocido como \u201cBlanca Nieves Primero\u201d, ser\u00e1 coronado como Rey de la Alegr\u00eda, respaldado por la comunidad que participa activamente en la organizaci\u00f3n del Carnaval.<\/p>\n\n\n\n<p>El primer gran desfile de carros aleg\u00f3ricos est\u00e1 programado para el s\u00e1bado 29 de junio a las 18:00 horas, recorriendo el bulevar Manuel \u00c1vila Camacho de sur a norte. Este evento contar\u00e1 con la presencia de la influencer Wendy Guevara y el influencer Poncho Denigris. <\/p>\n\n\n\n<p>Los desfiles, que incluir\u00e1n bastoneras, batucadas, comparsas y carros aleg\u00f3ricos, se repetir\u00e1n el domingo, lunes y martes a las 18:00 horas, prometiendo un espect\u00e1culo vibrante y lleno de energ\u00eda.<\/p>\n\n\n\n<p>Adem\u00e1s de las coronaciones y desfiles, el Carnaval de Veracruz se destaca por su variada cartelera de conciertos, convirti\u00e9ndose en uno de los eventos m\u00e1s representativos del pa\u00eds y el m\u00e1s importante del estado. <\/p>\n\n\n\n<p>Los conciertos se llevar\u00e1n a cabo en la Macroplaza del Malec\u00f3n desde el jueves 27 de junio hasta el domingo 1 de julio, presentando una mezcla de g\u00e9neros musicales para todos los gustos.<\/p>\n\n\n\n<p>Cartelera de Conciertos:<\/p>\n\n\n\n<p>&#8211; **Jueves 27 de junio:** Yuri y Matute<\/p>\n\n\n\n<p>&#8211; **Viernes 28 de junio:** Ricky Martin<\/p>\n\n\n\n<p>&#8211; **S\u00e1bado 29 de junio:** Wisin y un artista sorpresa<\/p>\n\n\n\n<p>&#8211; **Domingo 30 de junio:** Carlos Vives<\/p>\n\n\n\n<p>&#8211; **Lunes 1 de julio:** Porfi Baloa y sus Adolescentes, Alberto Barros, y Luis Enrique<\/p>\n","protected":false},"excerpt":{"rendered":"<p>Jes\u00fas Utrilla \/ NV Noticias Con una ceremonia emblem\u00e1tica, la quema del &#8220;Mal Humor&#8221; marc\u00f3 el inicio del tan esperado Carnaval de Veracruz 2024, que celebra su centenario. La noche del mi\u00e9rcoles 26 de junio, la Plaza de la Rep\u00fablica se llen\u00f3 de vida y color, atrayendo a miles de familias y turistas que se [&hellip;]<\/p>\n","protected":false},"author":8,"featured_media":152961,"comment_status":"open","ping_status":"open","sticky":false,"template":"","format":"standard","meta":{"_monsterinsights_skip_tracking":false,"_monsterinsights_sitenote_active":false,"_monsterinsights_sitenote_note":"","_monsterinsights_sitenote_category":0,"footnotes":""},"categories":[154],"tags":[29070,162,1285],"class_list":["post-152960","post","type-post","status-publish","format-standard","has-post-thumbnail","hentry","category-veracruz","tag-carnaval-de-veracruz-2024","tag-portada","tag-quema-del-mal-humor","wp-image-borders"],"amp_enabled":true,"_links":{"self":[{"href":"https:\/\/nvnoticias.mx\/index.php\/wp-json\/wp\/v2\/posts\/152960","targetHints":{"allow":["GET"]}}],"collection":[{"href":"https:\/\/nvnoticias.mx\/index.php\/wp-json\/wp\/v2\/posts"}],"about":[{"href":"https:\/\/nvnoticias.mx\/index.php\/wp-json\/wp\/v2\/types\/post"}],"author":[{"embeddable":true,"href":"https:\/\/nvnoticias.mx\/index.php\/wp-json\/wp\/v2\/users\/8"}],"replies":[{"embeddable":true,"href":"https:\/\/nvnoticias.mx\/index.php\/wp-json\/wp\/v2\/comments?post=152960"}],"version-history":[{"count":1,"href":"https:\/\/nvnoticias.mx\/index.php\/wp-json\/wp\/v2\/posts\/152960\/revisions"}],"predecessor-version":[{"id":152962,"href":"https:\/\/nvnoticias.mx\/index.php\/wp-json\/wp\/v2\/posts\/152960\/revisions\/152962"}],"wp:featuredmedia":[{"embeddable":true,"href":"https:\/\/nvnoticias.mx\/index.php\/wp-json\/wp\/v2\/media\/152961"}],"wp:attachment":[{"href":"https:\/\/nvnoticias.mx\/index.php\/wp-json\/wp\/v2\/media?parent=152960"}],"wp:term":[{"taxonomy":"category","embeddable":true,"href":"https:\/\/nvnoticias.mx\/index.php\/wp-json\/wp\/v2\/categories?post=152960"},{"taxonomy":"post_tag","embeddable":true,"href":"https:\/\/nvnoticias.mx\/index.php\/wp-json\/wp\/v2\/tags?post=152960"}],"curies":[{"name":"wp","href":"https:\/\/api.w.org\/{rel}","templated":true}]}}