{"id":152915,"date":"2024-06-26T11:22:41","date_gmt":"2024-06-26T17:22:41","guid":{"rendered":"https:\/\/nvnoticias.mx\/?p=152915"},"modified":"2024-06-26T11:22:43","modified_gmt":"2024-06-26T17:22:43","slug":"revela-amlo-que-tras-entregar-la-banda-presidencial-a-sheinbaum-lo-primero-que-hara-sera-arrodillarse-para-agradecer","status":"publish","type":"post","link":"https:\/\/nvnoticias.mx\/index.php\/2024\/06\/26\/revela-amlo-que-tras-entregar-la-banda-presidencial-a-sheinbaum-lo-primero-que-hara-sera-arrodillarse-para-agradecer\/","title":{"rendered":"Revela AMLO que tras entregar la banda presidencial a Sheinbaum, lo primero que har\u00e1 ser\u00e1 arrodillarse para agradecer"},"content":{"rendered":"\n<p>Por ser \u201cun hombre racional y m\u00edstico\u201d, el presidente Andr\u00e9s Manuel L\u00f3pez Obrador volvi\u00f3 a decir que el primer d\u00eda despu\u00e9s de entregar su la banda presidencial a Claudia Sheinbaum, iniciar\u00e1 una nueva etapa en su vida y lo primero que har\u00e1 ser\u00e1 arrodillarse para agradecer al pueblo y al creador.<\/p>\n\n\n\n<blockquote class=\"wp-block-quote is-layout-flow wp-block-quote-is-layout-flow\">\n<p>\u201cEntrego la banda y me voy. Y decirle a la gente de nuevo, si me quieren ya, porque voy a iniciar una etapa nueva en mi vida. Lo primero es arrodillarme para agradecer al pueblo y al creador, el tiempo que yo aguant\u00e9\u201d, coment\u00f3 L\u00f3pez Obrador en su conferencia ma\u00f1anera de este mi\u00e9rcoles 26 de junio en Palacio Nacional.<\/p>\n<\/blockquote>\n\n\n\n<p>El Presidente mencion\u00f3 que en octubre comenzar\u00e1 con una nueva etapa en su vida, con una rutina que consiste en caminar cinco kil\u00f3metros dentro de la quinta \u201cLa Chingada\u201d en Palenque, Chiapas; ba\u00f1o, desayuno y hacer una investigaci\u00f3n sobre la sociedad de las culturas prehisp\u00e1nicas de M\u00e9xico.<\/p>\n\n\n\n<p>Agreg\u00f3 que por la tarde, despu\u00e9s de la comida, retomar\u00e1 la tradici\u00f3n del sur del pa\u00eds de la siesta en hamaca, un ba\u00f1o y trabajar en su investigaci\u00f3n un par de horas.<\/p>\n\n\n\n<blockquote class=\"wp-block-quote is-layout-flow wp-block-quote-is-layout-flow\">\n<p>\u201cLlega la noche y escuchar los ruidos de la naturaleza, los grillos, los sapos, las ranas y ya la noche. Y luego cuando hay luna llena y el cielo estrellado, el aullido de los saraguatos (\u2026).<\/p>\n<\/blockquote>\n\n\n\n<blockquote class=\"wp-block-quote is-layout-flow wp-block-quote-is-layout-flow\">\n<p>\u201cVoy a estar trabajando un libro, sobre el conservadurismo, pero voy a trabajar tres a\u00f1os sobre c\u00f3mo era la sociedad y la vida en la \u00e9poca prehisp\u00e1nica, desde los primeros fundadores de M\u00e9xico\u201d, repiti\u00f3.<\/p>\n<\/blockquote>\n\n\n\n<p>Fuente: El <a href=\"https:\/\/www.eluniversal.com.mx\/nacion\/amlo-revela-que-tras-entregar-la-banda-presidencial-a-sheinbaum-lo-primero-que-hara-sera-arrodillarse-para-agradecer\/\" data-type=\"link\" data-id=\"https:\/\/www.eluniversal.com.mx\/nacion\/amlo-revela-que-tras-entregar-la-banda-presidencial-a-sheinbaum-lo-primero-que-hara-sera-arrodillarse-para-agradecer\/\">Universal<\/a><br><\/p>\n","protected":false},"excerpt":{"rendered":"<p>Por ser \u201cun hombre racional y m\u00edstico\u201d, el presidente Andr\u00e9s Manuel L\u00f3pez Obrador volvi\u00f3 a decir que el primer d\u00eda despu\u00e9s de entregar su la banda presidencial a Claudia Sheinbaum, iniciar\u00e1 una nueva etapa en su vida y lo primero que har\u00e1 ser\u00e1 arrodillarse para agradecer al pueblo y al creador. \u201cEntrego la banda y [&hellip;]<\/p>\n","protected":false},"author":35,"featured_media":121264,"comment_status":"open","ping_status":"open","sticky":false,"template":"","format":"standard","meta":{"_monsterinsights_skip_tracking":false,"_monsterinsights_sitenote_active":false,"_monsterinsights_sitenote_note":"","_monsterinsights_sitenote_category":0,"footnotes":""},"categories":[157],"tags":[188,2801,162],"class_list":["post-152915","post","type-post","status-publish","format-standard","has-post-thumbnail","hentry","category-nacional","tag-amlo","tag-claudia-sheinbaum","tag-portada","wp-image-borders"],"amp_enabled":true,"_links":{"self":[{"href":"https:\/\/nvnoticias.mx\/index.php\/wp-json\/wp\/v2\/posts\/152915","targetHints":{"allow":["GET"]}}],"collection":[{"href":"https:\/\/nvnoticias.mx\/index.php\/wp-json\/wp\/v2\/posts"}],"about":[{"href":"https:\/\/nvnoticias.mx\/index.php\/wp-json\/wp\/v2\/types\/post"}],"author":[{"embeddable":true,"href":"https:\/\/nvnoticias.mx\/index.php\/wp-json\/wp\/v2\/users\/35"}],"replies":[{"embeddable":true,"href":"https:\/\/nvnoticias.mx\/index.php\/wp-json\/wp\/v2\/comments?post=152915"}],"version-history":[{"count":1,"href":"https:\/\/nvnoticias.mx\/index.php\/wp-json\/wp\/v2\/posts\/152915\/revisions"}],"predecessor-version":[{"id":152916,"href":"https:\/\/nvnoticias.mx\/index.php\/wp-json\/wp\/v2\/posts\/152915\/revisions\/152916"}],"wp:featuredmedia":[{"embeddable":true,"href":"https:\/\/nvnoticias.mx\/index.php\/wp-json\/wp\/v2\/media\/121264"}],"wp:attachment":[{"href":"https:\/\/nvnoticias.mx\/index.php\/wp-json\/wp\/v2\/media?parent=152915"}],"wp:term":[{"taxonomy":"category","embeddable":true,"href":"https:\/\/nvnoticias.mx\/index.php\/wp-json\/wp\/v2\/categories?post=152915"},{"taxonomy":"post_tag","embeddable":true,"href":"https:\/\/nvnoticias.mx\/index.php\/wp-json\/wp\/v2\/tags?post=152915"}],"curies":[{"name":"wp","href":"https:\/\/api.w.org\/{rel}","templated":true}]}}