{"id":152907,"date":"2024-06-26T10:31:19","date_gmt":"2024-06-26T16:31:19","guid":{"rendered":"https:\/\/nvnoticias.mx\/?p=152907"},"modified":"2024-06-26T10:31:21","modified_gmt":"2024-06-26T16:31:21","slug":"recomienda-amlo-a-norona-optar-por-la-unidad","status":"publish","type":"post","link":"https:\/\/nvnoticias.mx\/index.php\/2024\/06\/26\/recomienda-amlo-a-norona-optar-por-la-unidad\/","title":{"rendered":"\u2018Recomienda\u2019 AMLO a Noro\u00f1a \u2018optar por la unidad\u2019"},"content":{"rendered":"\n<p>Andr\u00e9s Manuel L\u00f3pez Obrador habl\u00f3 sobre el pleito encabezado por Gerardo Fern\u00e1ndez Noro\u00f1a al acusar que Morena incumpli\u00f3 con los acuerdos establecidos antes de las elecciones 2024.<\/p>\n\n\n\n<p>L\u00f3pez Obrador expres\u00f3 que quiere mucho a Fern\u00e1ndez Noro\u00f1a y lo calific\u00f3 como un dirigente \u2018de primera\u2019.<\/p>\n\n\n\n<blockquote class=\"wp-block-quote is-layout-flow wp-block-quote-is-layout-flow\">\n<p>\u201cEn la primera reuni\u00f3n se decidi\u00f3 que para el caso de los otros partidos se ten\u00eda que decidir de acuerdo con sus procedimientos y que postularan a uno para participar en la encuesta. Para ser m\u00e1s claro, el PT propuso a Noro\u00f1a y el Verde a Manuel Velasco\u201d, explic\u00f3.<\/p>\n<\/blockquote>\n\n\n\n<p>AMLO detall\u00f3 que el acuerdo original ten\u00eda que ver solo con los militantes de Morena, por lo que hizo un llamado a Fern\u00e1ndez Noro\u00f1a a optar por la unidad y respetar lo acordado.<\/p>\n\n\n\n<p>Fuente: El <a href=\"https:\/\/www.elfinanciero.com.mx\/nacional\/2024\/06\/26\/amlo-mananera-temas-hoy-26-de-junio-2024-en-vivo\/?outputType=amp\" data-type=\"link\" data-id=\"https:\/\/www.elfinanciero.com.mx\/nacional\/2024\/06\/26\/amlo-mananera-temas-hoy-26-de-junio-2024-en-vivo\/?outputType=amp\">Universal<\/a><br><\/p>\n","protected":false},"excerpt":{"rendered":"<p>Andr\u00e9s Manuel L\u00f3pez Obrador habl\u00f3 sobre el pleito encabezado por Gerardo Fern\u00e1ndez Noro\u00f1a al acusar que Morena incumpli\u00f3 con los acuerdos establecidos antes de las elecciones 2024. L\u00f3pez Obrador expres\u00f3 que quiere mucho a Fern\u00e1ndez Noro\u00f1a y lo calific\u00f3 como un dirigente \u2018de primera\u2019. \u201cEn la primera reuni\u00f3n se decidi\u00f3 que para el caso de [&hellip;]<\/p>\n","protected":false},"author":35,"featured_media":68696,"comment_status":"open","ping_status":"open","sticky":false,"template":"","format":"standard","meta":{"_monsterinsights_skip_tracking":false,"_monsterinsights_sitenote_active":false,"_monsterinsights_sitenote_note":"","_monsterinsights_sitenote_category":0,"footnotes":""},"categories":[158],"tags":[188,8970,162],"class_list":["post-152907","post","type-post","status-publish","format-standard","has-post-thumbnail","hentry","category-politica","tag-amlo","tag-gerardo-fernandez-norona","tag-portada","wp-image-borders"],"amp_enabled":true,"_links":{"self":[{"href":"https:\/\/nvnoticias.mx\/index.php\/wp-json\/wp\/v2\/posts\/152907","targetHints":{"allow":["GET"]}}],"collection":[{"href":"https:\/\/nvnoticias.mx\/index.php\/wp-json\/wp\/v2\/posts"}],"about":[{"href":"https:\/\/nvnoticias.mx\/index.php\/wp-json\/wp\/v2\/types\/post"}],"author":[{"embeddable":true,"href":"https:\/\/nvnoticias.mx\/index.php\/wp-json\/wp\/v2\/users\/35"}],"replies":[{"embeddable":true,"href":"https:\/\/nvnoticias.mx\/index.php\/wp-json\/wp\/v2\/comments?post=152907"}],"version-history":[{"count":2,"href":"https:\/\/nvnoticias.mx\/index.php\/wp-json\/wp\/v2\/posts\/152907\/revisions"}],"predecessor-version":[{"id":152909,"href":"https:\/\/nvnoticias.mx\/index.php\/wp-json\/wp\/v2\/posts\/152907\/revisions\/152909"}],"wp:featuredmedia":[{"embeddable":true,"href":"https:\/\/nvnoticias.mx\/index.php\/wp-json\/wp\/v2\/media\/68696"}],"wp:attachment":[{"href":"https:\/\/nvnoticias.mx\/index.php\/wp-json\/wp\/v2\/media?parent=152907"}],"wp:term":[{"taxonomy":"category","embeddable":true,"href":"https:\/\/nvnoticias.mx\/index.php\/wp-json\/wp\/v2\/categories?post=152907"},{"taxonomy":"post_tag","embeddable":true,"href":"https:\/\/nvnoticias.mx\/index.php\/wp-json\/wp\/v2\/tags?post=152907"}],"curies":[{"name":"wp","href":"https:\/\/api.w.org\/{rel}","templated":true}]}}