{"id":152881,"date":"2024-06-25T20:13:57","date_gmt":"2024-06-26T02:13:57","guid":{"rendered":"https:\/\/nvnoticias.mx\/?p=152881"},"modified":"2024-06-25T20:13:58","modified_gmt":"2024-06-26T02:13:58","slug":"expectativas-positivas-con-seleccion-de-funcionarios-en-nuevo-gabinete-de-veracruz-2","status":"publish","type":"post","link":"https:\/\/nvnoticias.mx\/index.php\/2024\/06\/25\/expectativas-positivas-con-seleccion-de-funcionarios-en-nuevo-gabinete-de-veracruz-2\/","title":{"rendered":"Expectativas positivas con selecci\u00f3n de funcionarios en nuevo gabinete \u00a0de Veracruz"},"content":{"rendered":"\n<p><\/p>\n\n\n\n<p><strong>Jes\u00fas Utrilla \/ NV Noticias<\/strong><\/p>\n\n\n\n<p>El empresario inmobiliario Pedro Fern\u00e1ndez Mart\u00ednez expres\u00f3 su respaldo a la conformaci\u00f3n del gabinete de la gobernadora electa de Veracruz, Roc\u00edo Nahle Garc\u00eda. En particular, Fern\u00e1ndez Mart\u00ednez destac\u00f3 el nombramiento de Ernesto P\u00e9rez Astorga como el pr\u00f3ximo Secretario de Desarrollo Econ\u00f3mico y Portuario del Estado.<\/p>\n\n\n\n<p>Fern\u00e1ndez Mart\u00ednez se\u00f1al\u00f3 que la elecci\u00f3n de P\u00e9rez Astorga es acertada, considerando su experiencia previa en el cargo.&nbsp;<\/p>\n\n\n\n<blockquote class=\"wp-block-quote is-layout-flow wp-block-quote-is-layout-flow\">\n<p>\u201c<em>Ernesto P\u00e9rez Astorga ha demostrado su capacidad y compromiso en el desarrollo econ\u00f3mico y portuario de Veracruz. Su regreso a esta importante posici\u00f3n es una garant\u00eda de continuidad en el buen trabajo y la implementaci\u00f3n de pol\u00edticas que beneficien a Veracruz\u201d.<\/em><\/p>\n<\/blockquote>\n\n\n\n<p>La gobernadora electa Roc\u00edo Nahle Garc\u00eda ha comenzado a anunciar los nombres de los funcionarios que integrar\u00e1n su equipo de gobierno, generando expectativas positivas en diversos sectores.<\/p>\n\n\n\n<p>La conformaci\u00f3n del gabinete de Roc\u00edo Nahle Garc\u00eda ha generado expectativas positivas entre diversos sectores, particularmente en la comunidad empresarial. Fern\u00e1ndez Mart\u00ednez, enfatiz\u00f3 que la elecci\u00f3n de funcionarios con el perfil adecuado y la experiencia necesaria es fundamental para asegurar un entorno propicio para la inversi\u00f3n y el desarrollo econ\u00f3mico.&nbsp;<\/p>\n\n\n\n<blockquote class=\"wp-block-quote is-layout-flow wp-block-quote-is-layout-flow\">\n<p>\u201c<em>La administraci\u00f3n de Nahle Garc\u00eda est\u00e1 dando pasos firmes al seleccionar a personas con la trayectoria y el compromiso necesarios para enfrentar los desaf\u00edos de Veracruz. Esto no solo beneficia al sector empresarial, sino a toda la poblaci\u00f3n veracruzana<\/em>&#8220;, coment\u00f3 el empresario.<\/p>\n<\/blockquote>\n\n\n\n<p>Fern\u00e1ndez Mart\u00ednez expres\u00f3 su optimismo respecto a las decisiones tomadas hasta ahora y manifest\u00f3 su esperanza de que los pr\u00f3ximos anuncios contin\u00faen en la misma l\u00ednea de profesionalismo y compromiso.<\/p>\n","protected":false},"excerpt":{"rendered":"<p>Jes\u00fas Utrilla \/ NV Noticias El empresario inmobiliario Pedro Fern\u00e1ndez Mart\u00ednez expres\u00f3 su respaldo a la conformaci\u00f3n del gabinete de la gobernadora electa de Veracruz, Roc\u00edo Nahle Garc\u00eda. En particular, Fern\u00e1ndez Mart\u00ednez destac\u00f3 el nombramiento de Ernesto P\u00e9rez Astorga como el pr\u00f3ximo Secretario de Desarrollo Econ\u00f3mico y Portuario del Estado. Fern\u00e1ndez Mart\u00ednez se\u00f1al\u00f3 que la [&hellip;]<\/p>\n","protected":false},"author":8,"featured_media":152882,"comment_status":"open","ping_status":"open","sticky":false,"template":"","format":"standard","meta":{"_monsterinsights_skip_tracking":false,"_monsterinsights_sitenote_active":false,"_monsterinsights_sitenote_note":"","_monsterinsights_sitenote_category":0,"footnotes":""},"categories":[154],"tags":[7535,2665,30328],"class_list":["post-152881","post","type-post","status-publish","format-standard","has-post-thumbnail","hentry","category-veracruz","tag-expectativas","tag-funcionarios","tag-nuevo-gabinete-de-veracruz","wp-image-borders"],"amp_enabled":true,"_links":{"self":[{"href":"https:\/\/nvnoticias.mx\/index.php\/wp-json\/wp\/v2\/posts\/152881","targetHints":{"allow":["GET"]}}],"collection":[{"href":"https:\/\/nvnoticias.mx\/index.php\/wp-json\/wp\/v2\/posts"}],"about":[{"href":"https:\/\/nvnoticias.mx\/index.php\/wp-json\/wp\/v2\/types\/post"}],"author":[{"embeddable":true,"href":"https:\/\/nvnoticias.mx\/index.php\/wp-json\/wp\/v2\/users\/8"}],"replies":[{"embeddable":true,"href":"https:\/\/nvnoticias.mx\/index.php\/wp-json\/wp\/v2\/comments?post=152881"}],"version-history":[{"count":1,"href":"https:\/\/nvnoticias.mx\/index.php\/wp-json\/wp\/v2\/posts\/152881\/revisions"}],"predecessor-version":[{"id":152883,"href":"https:\/\/nvnoticias.mx\/index.php\/wp-json\/wp\/v2\/posts\/152881\/revisions\/152883"}],"wp:featuredmedia":[{"embeddable":true,"href":"https:\/\/nvnoticias.mx\/index.php\/wp-json\/wp\/v2\/media\/152882"}],"wp:attachment":[{"href":"https:\/\/nvnoticias.mx\/index.php\/wp-json\/wp\/v2\/media?parent=152881"}],"wp:term":[{"taxonomy":"category","embeddable":true,"href":"https:\/\/nvnoticias.mx\/index.php\/wp-json\/wp\/v2\/categories?post=152881"},{"taxonomy":"post_tag","embeddable":true,"href":"https:\/\/nvnoticias.mx\/index.php\/wp-json\/wp\/v2\/tags?post=152881"}],"curies":[{"name":"wp","href":"https:\/\/api.w.org\/{rel}","templated":true}]}}