{"id":152832,"date":"2024-06-25T11:44:33","date_gmt":"2024-06-25T17:44:33","guid":{"rendered":"https:\/\/nvnoticias.mx\/?p=152832"},"modified":"2024-06-25T11:44:34","modified_gmt":"2024-06-25T17:44:34","slug":"este-miercoles-a-las-5-de-la-tarde-se-llevara-a-cabo-el-desfile-de-jardines-de-ninos","status":"publish","type":"post","link":"https:\/\/nvnoticias.mx\/index.php\/2024\/06\/25\/este-miercoles-a-las-5-de-la-tarde-se-llevara-a-cabo-el-desfile-de-jardines-de-ninos\/","title":{"rendered":"Este mi\u00e9rcoles a las 5 de la tarde se llevar\u00e1 a cabo el desfile de jardines de ni\u00f1os"},"content":{"rendered":"\n<p><\/p>\n\n\n\n<p><strong>Jes\u00fas Utrilla \/ NV Noticias<\/strong><\/p>\n\n\n\n<p>Este mi\u00e9rcoles a las 5 de la tarde se llevar\u00e1 a cabo el desfile de jardines de ni\u00f1os, como parte del inicio del Carnaval de Veracruz 2024. Mario Delf\u00edn, director de Desarrollo Econ\u00f3mico y Turismo de Veracruz, se\u00f1al\u00f3 que ser\u00e1 sobre la avenida Independencia y participar\u00e1n los preescolares de la zona conurbada.<\/p>\n\n\n\n<p>Explic\u00f3 que de acuerdo al pron\u00f3stico del tiempo las lluvias se mantendr\u00e1n durante las madrugadas y ma\u00f1anas de los siguientes d\u00edas, por lo que seguramente no afectar\u00e1n el desarrollo de actividades.<\/p>\n\n\n\n<blockquote class=\"wp-block-quote is-layout-flow wp-block-quote-is-layout-flow\">\n<p><em>\u201cPero adem\u00e1s contamos con un plan que la alcaldesa lo dar\u00e1 a conocer y se mientras seguimos con los planes en los horarios establecidos. Hay un programa espec\u00edfico del carnaval. Estamos confiados en que el clima ser\u00e1 estable\u201d.<\/em><\/p>\n<\/blockquote>\n\n\n\n<p>El Carnaval de Veracruz 2024 se llevar\u00e1 a cabo del 26 de junio al 2 de julio.  La fiesta del Carnaval no solo es un evento de entretenimiento, es una celebraci\u00f3n profundamente arraigada en las tradiciones y costumbres de los veracruzanos.<\/p>\n\n\n\n<p>A lo largo de los a\u00f1os, ha evolucionado y se ha adaptado a los tiempos modernos, sin perder su esencia. <\/p>\n\n\n\n<p>Tras la pandemia de Covid-19, la celebraci\u00f3n se traslad\u00f3 al verano, una decisi\u00f3n que ha sido bien recibida tanto por los empresarios como por los turistas, quienes ven en esta fecha una oportunidad para disfrutar de las bellezas del puerto jarocho.<\/p>\n\n\n\n<p>Para miles de familias, el Carnaval de Veracruz es una fecha se\u00f1alada en el calendario, una oportunidad para disfrutar de la m\u00fasica, los desfiles y la alegr\u00eda que caracteriza a la ciudad. <\/p>\n\n\n\n<p>La edici\u00f3n centenaria promete ser una de las m\u00e1s recordadas<\/p>\n","protected":false},"excerpt":{"rendered":"<p>Jes\u00fas Utrilla \/ NV Noticias Este mi\u00e9rcoles a las 5 de la tarde se llevar\u00e1 a cabo el desfile de jardines de ni\u00f1os, como parte del inicio del Carnaval de Veracruz 2024. Mario Delf\u00edn, director de Desarrollo Econ\u00f3mico y Turismo de Veracruz, se\u00f1al\u00f3 que ser\u00e1 sobre la avenida Independencia y participar\u00e1n los preescolares de la [&hellip;]<\/p>\n","protected":false},"author":8,"featured_media":112168,"comment_status":"open","ping_status":"open","sticky":false,"template":"","format":"standard","meta":{"_monsterinsights_skip_tracking":false,"_monsterinsights_sitenote_active":false,"_monsterinsights_sitenote_note":"","_monsterinsights_sitenote_category":0,"footnotes":""},"categories":[154],"tags":[29070,3345,6301],"class_list":["post-152832","post","type-post","status-publish","format-standard","has-post-thumbnail","hentry","category-veracruz","tag-carnaval-de-veracruz-2024","tag-desfile","tag-jardin-de-ninos","wp-image-borders"],"amp_enabled":true,"_links":{"self":[{"href":"https:\/\/nvnoticias.mx\/index.php\/wp-json\/wp\/v2\/posts\/152832","targetHints":{"allow":["GET"]}}],"collection":[{"href":"https:\/\/nvnoticias.mx\/index.php\/wp-json\/wp\/v2\/posts"}],"about":[{"href":"https:\/\/nvnoticias.mx\/index.php\/wp-json\/wp\/v2\/types\/post"}],"author":[{"embeddable":true,"href":"https:\/\/nvnoticias.mx\/index.php\/wp-json\/wp\/v2\/users\/8"}],"replies":[{"embeddable":true,"href":"https:\/\/nvnoticias.mx\/index.php\/wp-json\/wp\/v2\/comments?post=152832"}],"version-history":[{"count":1,"href":"https:\/\/nvnoticias.mx\/index.php\/wp-json\/wp\/v2\/posts\/152832\/revisions"}],"predecessor-version":[{"id":152833,"href":"https:\/\/nvnoticias.mx\/index.php\/wp-json\/wp\/v2\/posts\/152832\/revisions\/152833"}],"wp:featuredmedia":[{"embeddable":true,"href":"https:\/\/nvnoticias.mx\/index.php\/wp-json\/wp\/v2\/media\/112168"}],"wp:attachment":[{"href":"https:\/\/nvnoticias.mx\/index.php\/wp-json\/wp\/v2\/media?parent=152832"}],"wp:term":[{"taxonomy":"category","embeddable":true,"href":"https:\/\/nvnoticias.mx\/index.php\/wp-json\/wp\/v2\/categories?post=152832"},{"taxonomy":"post_tag","embeddable":true,"href":"https:\/\/nvnoticias.mx\/index.php\/wp-json\/wp\/v2\/tags?post=152832"}],"curies":[{"name":"wp","href":"https:\/\/api.w.org\/{rel}","templated":true}]}}