{"id":152776,"date":"2024-06-24T15:52:14","date_gmt":"2024-06-24T21:52:14","guid":{"rendered":"https:\/\/nvnoticias.mx\/?p=152776"},"modified":"2024-06-24T15:52:16","modified_gmt":"2024-06-24T21:52:16","slug":"se-une-paul-mccartney-a-un-grupo-de-swifties-para-bailar-en-el-concierto-de-taylor-swift","status":"publish","type":"post","link":"https:\/\/nvnoticias.mx\/index.php\/2024\/06\/24\/se-une-paul-mccartney-a-un-grupo-de-swifties-para-bailar-en-el-concierto-de-taylor-swift\/","title":{"rendered":"Se une Paul McCartney a un grupo de &#8220;swifties&#8221; para bailar en el concierto de Taylor Swift"},"content":{"rendered":"\n<p>La fiebre por Taylor Swift no cesa y tampoco es exclusiva de las y los &#8220;swifties&#8221;, pues grandes artistas han demostrado que tambi\u00e9n gustan de la m\u00fasica de la joven cantante, como es el caso de \u00a1Sir Paul McCartney! que, ayer, se dio cita en el Estadio de Wembley para disfrutar del \u00faltimo concierto que Tay ofreci\u00f3 en Londres, en el que el m\u00fasico se uni\u00f3 a un grupo de fans para bailar y calentar los \u00e1nimos a poco de que comenzara el show.<\/p>\n\n\n\n<p>No cabe duda de que la f\u00f3rmula Swift sigue surtiendo efecto de forma mundial, pues as\u00ed como cuando la compositora se present\u00f3 en M\u00e9xico, y a su concierto asistieron figuras como Macarena Achaga, Vanessa Huppenkothen y Paulina Pe\u00f1a Pretelini (hija del expresidente Enrique Pe\u00f1a Nieto), as\u00ed como Alfonso Cuar\u00f3n y sus hijos; Tess Bu y Olmo, en Europa tambi\u00e9n hay varias y varios famosos que la escuchan.<\/p>\n\n\n\n<p>Este es el caso de el Beatle, Paul McCartney, que ayer fue captado por cientos de fans de Taylor arribando en las instalaciones del Estadio de Wembley, en compa\u00f1\u00eda de su hija, la dise\u00f1adora Stella McCartney, y su esposa Nancy Shevell.<\/p>\n\n\n\n<p>Fuente: El <a href=\"https:\/\/www.eluniversal.com.mx\/espectaculos\/paul-mccartney-se-una-a-un-grupo-de-swifties-para-bailar-en-el-concierto-de-taylor-swift\/\" data-type=\"link\" data-id=\"https:\/\/www.eluniversal.com.mx\/espectaculos\/paul-mccartney-se-una-a-un-grupo-de-swifties-para-bailar-en-el-concierto-de-taylor-swift\/\">Universal<\/a><br><\/p>\n","protected":false},"excerpt":{"rendered":"<p>La fiebre por Taylor Swift no cesa y tampoco es exclusiva de las y los &#8220;swifties&#8221;, pues grandes artistas han demostrado que tambi\u00e9n gustan de la m\u00fasica de la joven cantante, como es el caso de \u00a1Sir Paul McCartney! que, ayer, se dio cita en el Estadio de Wembley para disfrutar del \u00faltimo concierto que [&hellip;]<\/p>\n","protected":false},"author":35,"featured_media":152777,"comment_status":"open","ping_status":"open","sticky":false,"template":"","format":"standard","meta":{"_monsterinsights_skip_tracking":false,"_monsterinsights_sitenote_active":false,"_monsterinsights_sitenote_note":"","_monsterinsights_sitenote_category":0,"footnotes":""},"categories":[576],"tags":[11316,4135],"class_list":["post-152776","post","type-post","status-publish","format-standard","has-post-thumbnail","hentry","category-ocio","tag-paul-mccartney","tag-taylor-swift","wp-image-borders"],"amp_enabled":true,"_links":{"self":[{"href":"https:\/\/nvnoticias.mx\/index.php\/wp-json\/wp\/v2\/posts\/152776","targetHints":{"allow":["GET"]}}],"collection":[{"href":"https:\/\/nvnoticias.mx\/index.php\/wp-json\/wp\/v2\/posts"}],"about":[{"href":"https:\/\/nvnoticias.mx\/index.php\/wp-json\/wp\/v2\/types\/post"}],"author":[{"embeddable":true,"href":"https:\/\/nvnoticias.mx\/index.php\/wp-json\/wp\/v2\/users\/35"}],"replies":[{"embeddable":true,"href":"https:\/\/nvnoticias.mx\/index.php\/wp-json\/wp\/v2\/comments?post=152776"}],"version-history":[{"count":1,"href":"https:\/\/nvnoticias.mx\/index.php\/wp-json\/wp\/v2\/posts\/152776\/revisions"}],"predecessor-version":[{"id":152778,"href":"https:\/\/nvnoticias.mx\/index.php\/wp-json\/wp\/v2\/posts\/152776\/revisions\/152778"}],"wp:featuredmedia":[{"embeddable":true,"href":"https:\/\/nvnoticias.mx\/index.php\/wp-json\/wp\/v2\/media\/152777"}],"wp:attachment":[{"href":"https:\/\/nvnoticias.mx\/index.php\/wp-json\/wp\/v2\/media?parent=152776"}],"wp:term":[{"taxonomy":"category","embeddable":true,"href":"https:\/\/nvnoticias.mx\/index.php\/wp-json\/wp\/v2\/categories?post=152776"},{"taxonomy":"post_tag","embeddable":true,"href":"https:\/\/nvnoticias.mx\/index.php\/wp-json\/wp\/v2\/tags?post=152776"}],"curies":[{"name":"wp","href":"https:\/\/api.w.org\/{rel}","templated":true}]}}