{"id":152773,"date":"2024-06-24T15:47:21","date_gmt":"2024-06-24T21:47:21","guid":{"rendered":"https:\/\/nvnoticias.mx\/?p=152773"},"modified":"2024-06-24T15:47:23","modified_gmt":"2024-06-24T21:47:23","slug":"designo-claudia-sheinbaum-como-canciller-de-mexico-a-un-diplomatico-que-defendio-al-regimen-de-iran-en-la-onu","status":"publish","type":"post","link":"https:\/\/nvnoticias.mx\/index.php\/2024\/06\/24\/designo-claudia-sheinbaum-como-canciller-de-mexico-a-un-diplomatico-que-defendio-al-regimen-de-iran-en-la-onu\/","title":{"rendered":"Design\u00f3 Claudia Sheinbaum como Canciller de M\u00e9xico a un diplom\u00e1tico que defendi\u00f3 al r\u00e9gimen de Ir\u00e1n en la ONU"},"content":{"rendered":"\n<p>El diplom\u00e1tico y ex representante de M\u00e9xico ante Naciones Unidas Juan Ram\u00f3n de la Fuente estar\u00e1 al frente de la Secretar\u00eda de Relaciones Exteriores (SRE), anunci\u00f3 el jueves pasado la futura presidenta de M\u00e9xico, Claudia Sheinbaum, la primera mujer que ejercer\u00e1 ese cargo en el pa\u00eds norteamericano.<\/p>\n\n\n\n<p>De la Fuente, quien represent\u00f3 a M\u00e9xico ante la ONU entre 2018 y 2023, es un veterano pol\u00edtico mexicano y fue tambi\u00e9n rector de la Universidad Aut\u00f3noma de M\u00e9xico y Secretario de Salud entre 1994 y 1997.<\/p>\n\n\n\n<p>Sin embargo, en su rol como embajador de M\u00e9xico ante la ONU, De la Fuente personific\u00f3 la postura del gobierno de M\u00e9xico frente al r\u00e9gimen de Ir\u00e1n, al abstenerse de una votaci\u00f3n clave en un momento en el que las mujeres iran\u00edes salieron a protestar a las calles tras el asesinato de Mahsa Amini.<\/p>\n\n\n\n<p>Ir\u00e1n fue expulsado a mediados de diciembre del 2022 de la Comisi\u00f3n de la Condici\u00f3n Jur\u00eddica y Social de la Mujer de la Organizaci\u00f3n de las Naciones Unidas, el principal organismo sobre g\u00e9nero de la organizaci\u00f3n, en respuesta a la represi\u00f3n de las protestas desatadas a ra\u00edz de la muerte de la joven que hab\u00eda sido detenida por supuestamente llevar mal puesto el velo.<\/p>\n\n\n\n<p>A propuesta de Estados Unidos, los miembros del Comit\u00e9 Econ\u00f3mico y Social de Naciones Unidas aprobaron la medida con 29 votos a favor, 8 en contra y 16 abstenciones; entre los \u00faltimos se encontr\u00f3 M\u00e9xico, lo cual caus\u00f3 una gran variedad de cr\u00edticas contra la administraci\u00f3n de Andr\u00e9s Manuel L\u00f3pez Obrador.<\/p>\n\n\n\n<p>Fuente: El <a href=\"https:\/\/www.infobae.com\/america\/america-latina\/2024\/06\/24\/claudia-sheinbaum-designo-como-canciller-de-mexico-a-un-hombre-que-defendio-al-regimen-de-iran-en-la-onu\/\" data-type=\"link\" data-id=\"https:\/\/www.infobae.com\/america\/america-latina\/2024\/06\/24\/claudia-sheinbaum-designo-como-canciller-de-mexico-a-un-hombre-que-defendio-al-regimen-de-iran-en-la-onu\/\">Universal<\/a><br><\/p>\n","protected":false},"excerpt":{"rendered":"<p>El diplom\u00e1tico y ex representante de M\u00e9xico ante Naciones Unidas Juan Ram\u00f3n de la Fuente estar\u00e1 al frente de la Secretar\u00eda de Relaciones Exteriores (SRE), anunci\u00f3 el jueves pasado la futura presidenta de M\u00e9xico, Claudia Sheinbaum, la primera mujer que ejercer\u00e1 ese cargo en el pa\u00eds norteamericano. De la Fuente, quien represent\u00f3 a M\u00e9xico ante [&hellip;]<\/p>\n","protected":false},"author":35,"featured_media":152774,"comment_status":"open","ping_status":"open","sticky":false,"template":"","format":"standard","meta":{"_monsterinsights_skip_tracking":false,"_monsterinsights_sitenote_active":false,"_monsterinsights_sitenote_note":"","_monsterinsights_sitenote_category":0,"footnotes":""},"categories":[158],"tags":[2801,30301,162],"class_list":["post-152773","post","type-post","status-publish","format-standard","has-post-thumbnail","hentry","category-politica","tag-claudia-sheinbaum","tag-juan-ramon-de-la-fuente","tag-portada","wp-image-borders"],"amp_enabled":true,"_links":{"self":[{"href":"https:\/\/nvnoticias.mx\/index.php\/wp-json\/wp\/v2\/posts\/152773","targetHints":{"allow":["GET"]}}],"collection":[{"href":"https:\/\/nvnoticias.mx\/index.php\/wp-json\/wp\/v2\/posts"}],"about":[{"href":"https:\/\/nvnoticias.mx\/index.php\/wp-json\/wp\/v2\/types\/post"}],"author":[{"embeddable":true,"href":"https:\/\/nvnoticias.mx\/index.php\/wp-json\/wp\/v2\/users\/35"}],"replies":[{"embeddable":true,"href":"https:\/\/nvnoticias.mx\/index.php\/wp-json\/wp\/v2\/comments?post=152773"}],"version-history":[{"count":1,"href":"https:\/\/nvnoticias.mx\/index.php\/wp-json\/wp\/v2\/posts\/152773\/revisions"}],"predecessor-version":[{"id":152775,"href":"https:\/\/nvnoticias.mx\/index.php\/wp-json\/wp\/v2\/posts\/152773\/revisions\/152775"}],"wp:featuredmedia":[{"embeddable":true,"href":"https:\/\/nvnoticias.mx\/index.php\/wp-json\/wp\/v2\/media\/152774"}],"wp:attachment":[{"href":"https:\/\/nvnoticias.mx\/index.php\/wp-json\/wp\/v2\/media?parent=152773"}],"wp:term":[{"taxonomy":"category","embeddable":true,"href":"https:\/\/nvnoticias.mx\/index.php\/wp-json\/wp\/v2\/categories?post=152773"},{"taxonomy":"post_tag","embeddable":true,"href":"https:\/\/nvnoticias.mx\/index.php\/wp-json\/wp\/v2\/tags?post=152773"}],"curies":[{"name":"wp","href":"https:\/\/api.w.org\/{rel}","templated":true}]}}