{"id":152724,"date":"2024-06-24T12:43:20","date_gmt":"2024-06-24T18:43:20","guid":{"rendered":"https:\/\/nvnoticias.mx\/?p=152724"},"modified":"2024-06-24T12:43:22","modified_gmt":"2024-06-24T18:43:22","slug":"si-la-guardia-nacional-se-deja-a-cargo-de-la-sspc-se-echara-perder-amlo","status":"publish","type":"post","link":"https:\/\/nvnoticias.mx\/index.php\/2024\/06\/24\/si-la-guardia-nacional-se-deja-a-cargo-de-la-sspc-se-echara-perder-amlo\/","title":{"rendered":"Si la Guardia Nacional se deja a cargo de la SSPC se \u201cechar\u00e1 perder\u201d: AMLO"},"content":{"rendered":"\n<p>El presidente Andr\u00e9s Manuel L\u00f3pez Obrador asegur\u00f3 que si la Guardia Nacional (GN) se queda a cargo de la Secretar\u00eda de Seguridad (SSPC) o de Gobernaci\u00f3n (Segob) \u201cse va a echar a perder\u201d, pero afirm\u00f3, que si pasa a la Secretar\u00eda de la Defensa Nacional (Sedena) se tiene garant\u00eda de que no se corromper\u00e1.<\/p>\n\n\n\n<blockquote class=\"wp-block-quote is-layout-flow wp-block-quote-is-layout-flow\">\n<p>\u201cSi a la Guardia Nacional se deja en Gobernaci\u00f3n o en la Secretar\u00eda de Seguridad P\u00fablica se va a echar a perder. Si depende de una secretar\u00eda como la Defensa Nacional que tiene una tradici\u00f3n de formaci\u00f3n a sus elementos. Tiene colegios, hay doctrina, profesionalismo, disciplina, hay garant\u00eda de que no se corrompa la Guardia Nacional\u201d<\/p>\n<\/blockquote>\n\n\n\n<p>En conferencia de prensa, el jefe del Ejecutivo manifest\u00f3 su respaldo de que este domingo, Claudia Sheinbuam, virtual presidenta electa haya declarado que lo m\u00e1s conveniente es que la Guardia dependa de la Defensa Nacional.<\/p>\n\n\n\n<blockquote class=\"wp-block-quote is-layout-flow wp-block-quote-is-layout-flow\">\n<p>&#8220;Por eso me dio mucho gusto que ayer la Presidenta electa plante\u00f3 -porque es lo m\u00e1s conveniente- el que la Guardia Nacional dependa de la Secretar\u00eda de la Defensa&#8221;.<\/p>\n<\/blockquote>\n\n\n\n<p>El presidente L\u00f3pez Obrador acus\u00f3 que las prioridades de la oposici\u00f3n en el Congreso era obstaculizar este tipo de modificaciones a la Constituci\u00f3n. Por ello, indic\u00f3, impugnaron incluso la reforma legal para concretar ese traslado de la SSPC a la Sedena y acudieron a la Suprema Corte de Justicia de la Naci\u00f3n para revertir esa reforma \u201cporque esgrimieron que se iba a militarizar al pa\u00eds.<\/p>\n\n\n\n<blockquote class=\"wp-block-quote is-layout-flow wp-block-quote-is-layout-flow\">\n<p>\u201cImag\u00ednense al del PAN diciendo eso, cuando son de lo m\u00e1s autoritario que puede ser\u201d, dijo.<\/p>\n<\/blockquote>\n\n\n\n<p>Ayer domingo, la virtual presidenta electa Claudia Sheinbaum Pardo afirm\u00f3 que a partir de octubre pr\u00f3ximo la Guardia Nacional se consolidar\u00e1 como parte de la Secretar\u00eda de la Defensa Nacional.<\/p>\n\n\n\n<p>Fuente: El <a href=\"https:\/\/www.eluniversal.com.mx\/nacion\/si-la-guardia-nacional-se-deja-a-cargo-de-la-sspc-se-echara-perder-advierte-amlo\/\" data-type=\"link\" data-id=\"https:\/\/www.eluniversal.com.mx\/nacion\/si-la-guardia-nacional-se-deja-a-cargo-de-la-sspc-se-echara-perder-advierte-amlo\/\">Universal<\/a><br><\/p>\n","protected":false},"excerpt":{"rendered":"<p>El presidente Andr\u00e9s Manuel L\u00f3pez Obrador asegur\u00f3 que si la Guardia Nacional (GN) se queda a cargo de la Secretar\u00eda de Seguridad (SSPC) o de Gobernaci\u00f3n (Segob) \u201cse va a echar a perder\u201d, pero afirm\u00f3, que si pasa a la Secretar\u00eda de la Defensa Nacional (Sedena) se tiene garant\u00eda de que no se corromper\u00e1. \u201cSi [&hellip;]<\/p>\n","protected":false},"author":35,"featured_media":12243,"comment_status":"open","ping_status":"open","sticky":false,"template":"","format":"standard","meta":{"_monsterinsights_skip_tracking":false,"_monsterinsights_sitenote_active":false,"_monsterinsights_sitenote_note":"","_monsterinsights_sitenote_category":0,"footnotes":""},"categories":[158],"tags":[450,2924],"class_list":["post-152724","post","type-post","status-publish","format-standard","has-post-thumbnail","hentry","category-politica","tag-guardia-nacional","tag-sspc","wp-image-borders"],"amp_enabled":true,"_links":{"self":[{"href":"https:\/\/nvnoticias.mx\/index.php\/wp-json\/wp\/v2\/posts\/152724","targetHints":{"allow":["GET"]}}],"collection":[{"href":"https:\/\/nvnoticias.mx\/index.php\/wp-json\/wp\/v2\/posts"}],"about":[{"href":"https:\/\/nvnoticias.mx\/index.php\/wp-json\/wp\/v2\/types\/post"}],"author":[{"embeddable":true,"href":"https:\/\/nvnoticias.mx\/index.php\/wp-json\/wp\/v2\/users\/35"}],"replies":[{"embeddable":true,"href":"https:\/\/nvnoticias.mx\/index.php\/wp-json\/wp\/v2\/comments?post=152724"}],"version-history":[{"count":1,"href":"https:\/\/nvnoticias.mx\/index.php\/wp-json\/wp\/v2\/posts\/152724\/revisions"}],"predecessor-version":[{"id":152725,"href":"https:\/\/nvnoticias.mx\/index.php\/wp-json\/wp\/v2\/posts\/152724\/revisions\/152725"}],"wp:featuredmedia":[{"embeddable":true,"href":"https:\/\/nvnoticias.mx\/index.php\/wp-json\/wp\/v2\/media\/12243"}],"wp:attachment":[{"href":"https:\/\/nvnoticias.mx\/index.php\/wp-json\/wp\/v2\/media?parent=152724"}],"wp:term":[{"taxonomy":"category","embeddable":true,"href":"https:\/\/nvnoticias.mx\/index.php\/wp-json\/wp\/v2\/categories?post=152724"},{"taxonomy":"post_tag","embeddable":true,"href":"https:\/\/nvnoticias.mx\/index.php\/wp-json\/wp\/v2\/tags?post=152724"}],"curies":[{"name":"wp","href":"https:\/\/api.w.org\/{rel}","templated":true}]}}