{"id":152682,"date":"2024-06-23T06:42:00","date_gmt":"2024-06-23T12:42:00","guid":{"rendered":"https:\/\/nvnoticias.mx\/?p=152682"},"modified":"2024-06-23T02:44:32","modified_gmt":"2024-06-23T08:44:32","slug":"pide-defensa-a-corte-condena-de-40-anos-para-el-expresidente-hondureno-juan-orlando-hernandez","status":"publish","type":"post","link":"https:\/\/nvnoticias.mx\/index.php\/2024\/06\/23\/pide-defensa-a-corte-condena-de-40-anos-para-el-expresidente-hondureno-juan-orlando-hernandez\/","title":{"rendered":"Pide defensa a Corte condena de 40 a\u00f1os para el expresidente hondure\u00f1o Juan Orlando Hern\u00e1ndez"},"content":{"rendered":"\n<p>La defensa del expresidente de Honduras, Juan Orlando Hern\u00e1ndez (2014-2022), pidi\u00f3 a la corte federal en Nueva York, donde ser\u00e1 sentenciado el mi\u00e9rcoles por narcotr\u00e1fico, que imponga al ex mandatario, que enfrenta hasta cadena perpetua, una condena de 40 a\u00f1os en prisi\u00f3n.<\/p>\n\n\n\n<p>Su abogado Renato Stabile, asignado por el tribunal, propuso este s\u00e1bado al juez Kevin Castel, de la corte federal para el distrito sur de Nueva York que preside este caso, una sentencia m\u00e1xima de 40 a\u00f1os para su cliente.<\/p>\n\n\n\n<blockquote class=\"wp-block-quote is-layout-flow wp-block-quote-is-layout-flow\">\n<p>&#8220;Hern\u00e1ndez tiene 55 a\u00f1os as\u00ed que una sentencia de 40 a\u00f1os equivalen a una vida&#8221;, afirm\u00f3 en un extenso documento de 159 p\u00e1ginas, que va acompa\u00f1ado por una carta de Hern\u00e1ndez al magistrado federal en la que reitera su inocencia y expone los &#8220;errores&#8221;, &#8220;fallos&#8221; e &#8220;injusticias&#8221; que considera se cometieron durante el proceso en su contra.<\/p>\n<\/blockquote>\n\n\n\n<p>El pasado 8 de marzo Hern\u00e1ndez fue declarado culpable de tres cargos de narcotr\u00e1fico y armas por un jurado, tras un juicio que se extendi\u00f3 poco m\u00e1s de dos semanas.<\/p>\n\n\n\n<p>La carta del abogado indica adem\u00e1s que el tribunal no deber\u00eda imponer a su cliente un &#8220;castigo adicional, por esa raz\u00f3n y tambi\u00e9n por su vida de arduo trabajo por el pueblo de Honduras&#8221;.<\/p>\n\n\n\n<blockquote class=\"wp-block-quote is-layout-flow wp-block-quote-is-layout-flow\">\n<p>&#8220;Una condena de 40 a\u00f1os satisfar\u00e1 los objetivos de sentencia establecidos&#8221; en la gu\u00eda de imposici\u00f3n de condenas.<\/p>\n<\/blockquote>\n\n\n\n<p>Stabile reitera al juez Castel la inocencia de su cliente y enumera las razones en las que se basa, -que expuso durante el juicio-, entre ellas las declaraciones de narcotraficantes, que seg\u00fan el expresidente s\u00f3lo quer\u00edan vengarse por haberles perseguido y extraditado a Estados Unidos.<\/p>\n\n\n\n<p>El abogado de Hern\u00e1ndez record\u00f3 tambi\u00e9n que con su declaraci\u00f3n contra el ex mandatario estos testigos buscaban una reducci\u00f3n de la sentencia que cumplen en c\u00e1rceles de EU.<\/p>\n\n\n\n<p>Asegura al juez que el expresidente hondure\u00f1o seguir\u00e1 adelante para &#8220;limpiar su nombre&#8221; en un juicio &#8220;constitucionalmente justo&#8221;.<\/p>\n\n\n\n<p>Por su parte, Hern\u00e1ndez indic\u00f3 al magistrado que decidir\u00e1 su futuro que fue acusado y convicto &#8220;de manera injusta e indebidamente&#8221;.<\/p>\n\n\n\n<p>Adem\u00e1s, asegura que tanto \u00e9l, como su familia y la soberan\u00eda de Honduras fueron objeto de atropello &#8220;por la conspiraci\u00f3n&#8221; en su contra por grupos de crimen organizado.<\/p>\n\n\n\n<p>Fuente: El <a href=\"https:\/\/www.eluniversal.com.mx\/mundo\/defensa-pide-a-corte-condena-de-40-anos-para-el-expresidente-hondureno-juan-orlando-hernandez\/\" data-type=\"link\" data-id=\"https:\/\/www.eluniversal.com.mx\/mundo\/defensa-pide-a-corte-condena-de-40-anos-para-el-expresidente-hondureno-juan-orlando-hernandez\/\">Universal<\/a><br><\/p>\n","protected":false},"excerpt":{"rendered":"<p>La defensa del expresidente de Honduras, Juan Orlando Hern\u00e1ndez (2014-2022), pidi\u00f3 a la corte federal en Nueva York, donde ser\u00e1 sentenciado el mi\u00e9rcoles por narcotr\u00e1fico, que imponga al ex mandatario, que enfrenta hasta cadena perpetua, una condena de 40 a\u00f1os en prisi\u00f3n. Su abogado Renato Stabile, asignado por el tribunal, propuso este s\u00e1bado al juez [&hellip;]<\/p>\n","protected":false},"author":35,"featured_media":152683,"comment_status":"open","ping_status":"open","sticky":false,"template":"","format":"standard","meta":{"_monsterinsights_skip_tracking":false,"_monsterinsights_sitenote_active":false,"_monsterinsights_sitenote_note":"","_monsterinsights_sitenote_category":0,"footnotes":""},"categories":[181],"tags":[7727,10322],"class_list":["post-152682","post","type-post","status-publish","format-standard","has-post-thumbnail","hentry","category-internacional","tag-corte","tag-juan-orlando-hernandez","wp-image-borders"],"amp_enabled":true,"_links":{"self":[{"href":"https:\/\/nvnoticias.mx\/index.php\/wp-json\/wp\/v2\/posts\/152682","targetHints":{"allow":["GET"]}}],"collection":[{"href":"https:\/\/nvnoticias.mx\/index.php\/wp-json\/wp\/v2\/posts"}],"about":[{"href":"https:\/\/nvnoticias.mx\/index.php\/wp-json\/wp\/v2\/types\/post"}],"author":[{"embeddable":true,"href":"https:\/\/nvnoticias.mx\/index.php\/wp-json\/wp\/v2\/users\/35"}],"replies":[{"embeddable":true,"href":"https:\/\/nvnoticias.mx\/index.php\/wp-json\/wp\/v2\/comments?post=152682"}],"version-history":[{"count":1,"href":"https:\/\/nvnoticias.mx\/index.php\/wp-json\/wp\/v2\/posts\/152682\/revisions"}],"predecessor-version":[{"id":152684,"href":"https:\/\/nvnoticias.mx\/index.php\/wp-json\/wp\/v2\/posts\/152682\/revisions\/152684"}],"wp:featuredmedia":[{"embeddable":true,"href":"https:\/\/nvnoticias.mx\/index.php\/wp-json\/wp\/v2\/media\/152683"}],"wp:attachment":[{"href":"https:\/\/nvnoticias.mx\/index.php\/wp-json\/wp\/v2\/media?parent=152682"}],"wp:term":[{"taxonomy":"category","embeddable":true,"href":"https:\/\/nvnoticias.mx\/index.php\/wp-json\/wp\/v2\/categories?post=152682"},{"taxonomy":"post_tag","embeddable":true,"href":"https:\/\/nvnoticias.mx\/index.php\/wp-json\/wp\/v2\/tags?post=152682"}],"curies":[{"name":"wp","href":"https:\/\/api.w.org\/{rel}","templated":true}]}}