{"id":15268,"date":"2021-06-05T09:40:26","date_gmt":"2021-06-05T14:40:26","guid":{"rendered":"https:\/\/nvnoticias.mx\/?p=15268"},"modified":"2021-06-05T09:40:27","modified_gmt":"2021-06-05T14:40:27","slug":"de-enero-a-abril-fallecieron-nueve-ninos-con-cancer-en-veracruz","status":"publish","type":"post","link":"https:\/\/nvnoticias.mx\/index.php\/2021\/06\/05\/de-enero-a-abril-fallecieron-nueve-ninos-con-cancer-en-veracruz\/","title":{"rendered":"De enero a abril fallecieron nueve ni\u00f1os con c\u00e1ncer en Veracruz"},"content":{"rendered":"\n<p><strong>Jes\u00fas Utrilla \/ NV Noticias<\/strong><\/p>\n\n\n\n<p>De enero a abril fallecieron en Veracruz nueve ni\u00f1os que padec\u00edan c\u00e1ncer, se atribuye a que el a\u00f1o pasado, por la pandemia, algunos no llevaron el tratamiento al pie de la letra, pero tambi\u00e9n a que la enfermedad no se detect\u00f3 a tiempo.<\/p>\n\n\n\n<p>Susana Lara Garc\u00eda, presidenta de la Asociaci\u00f3n Mexicana de Ayuda a Ni\u00f1os con C\u00e1ncer, se\u00f1al\u00f3 que la cifra de fallecimientos es alta porque durante 2020 se registraron 10.<\/p>\n\n\n\n<p>Muchos no fueron a tiempo a los hospitales por el confinamiento, por lo tanto llegaron a la atenci\u00f3n m\u00e9dica en etapas tard\u00edas.<\/p>\n\n\n\n<p>Sin embargo, en otros casos fue por retrasos en el suministro de medicamentos.<\/p>\n\n\n\n<p>Llam\u00f3 a los padres de familia a estar atentos de sus hijos y acudir al m\u00e9dico en caso de reportar cualquier s\u00edntoma por m\u00ednimo que parezca.<\/p>\n\n\n\n<p>Record\u00f3 que el c\u00e1ncer es curable si se detecta y atiende a tiempo por ello es importante no pasar por alto cualquier malestar que puedan tener ni\u00f1os y adolescentes.<\/p>\n\n\n\n<p>Cualquier donaci\u00f3n en efectivo o en especie hacia AMANC se puede hacer llegar a Iturbide 641 entre Flores Mag\u00f3n y Carranza, en la colonia Flores Mag\u00f3n.<\/p>\n\n\n\n<p>Se puede contactar a la agrupaci\u00f3n llamando a los tel\u00e9fonos 2299317264 y\u00a0 2291544814.<\/p>\n\n\n\n<p>O a trav\u00e9s de las redes sociales, en Facebook aparece como: AMANveracruz face.<\/p>\n\n\n\n<p>El correo electr\u00f3nico es otra opci\u00f3n:\u00a0<a rel=\"noreferrer noopener\" href=\"mailto:Veracruz@aman.org\" target=\"_blank\">Veracruz@aman.org<\/a>.<\/p>\n","protected":false},"excerpt":{"rendered":"<p>Jes\u00fas Utrilla \/ NV Noticias De enero a abril fallecieron en Veracruz nueve ni\u00f1os que padec\u00edan c\u00e1ncer, se atribuye a que el a\u00f1o pasado, por la pandemia, algunos no llevaron el tratamiento al pie de la letra, pero tambi\u00e9n a que la enfermedad no se detect\u00f3 a tiempo. Susana Lara Garc\u00eda, presidenta de la Asociaci\u00f3n [&hellip;]<\/p>\n","protected":false},"author":6,"featured_media":15270,"comment_status":"open","ping_status":"open","sticky":false,"template":"","format":"standard","meta":{"_monsterinsights_skip_tracking":false,"_monsterinsights_sitenote_active":false,"_monsterinsights_sitenote_note":"","_monsterinsights_sitenote_category":0,"footnotes":""},"categories":[154],"tags":[797,1016],"class_list":["post-15268","post","type-post","status-publish","format-standard","has-post-thumbnail","hentry","category-veracruz","tag-cancer","tag-ninos","wp-image-borders"],"amp_enabled":true,"_links":{"self":[{"href":"https:\/\/nvnoticias.mx\/index.php\/wp-json\/wp\/v2\/posts\/15268","targetHints":{"allow":["GET"]}}],"collection":[{"href":"https:\/\/nvnoticias.mx\/index.php\/wp-json\/wp\/v2\/posts"}],"about":[{"href":"https:\/\/nvnoticias.mx\/index.php\/wp-json\/wp\/v2\/types\/post"}],"author":[{"embeddable":true,"href":"https:\/\/nvnoticias.mx\/index.php\/wp-json\/wp\/v2\/users\/6"}],"replies":[{"embeddable":true,"href":"https:\/\/nvnoticias.mx\/index.php\/wp-json\/wp\/v2\/comments?post=15268"}],"version-history":[{"count":1,"href":"https:\/\/nvnoticias.mx\/index.php\/wp-json\/wp\/v2\/posts\/15268\/revisions"}],"predecessor-version":[{"id":15271,"href":"https:\/\/nvnoticias.mx\/index.php\/wp-json\/wp\/v2\/posts\/15268\/revisions\/15271"}],"wp:featuredmedia":[{"embeddable":true,"href":"https:\/\/nvnoticias.mx\/index.php\/wp-json\/wp\/v2\/media\/15270"}],"wp:attachment":[{"href":"https:\/\/nvnoticias.mx\/index.php\/wp-json\/wp\/v2\/media?parent=15268"}],"wp:term":[{"taxonomy":"category","embeddable":true,"href":"https:\/\/nvnoticias.mx\/index.php\/wp-json\/wp\/v2\/categories?post=15268"},{"taxonomy":"post_tag","embeddable":true,"href":"https:\/\/nvnoticias.mx\/index.php\/wp-json\/wp\/v2\/tags?post=15268"}],"curies":[{"name":"wp","href":"https:\/\/api.w.org\/{rel}","templated":true}]}}