{"id":152679,"date":"2024-06-23T06:34:00","date_gmt":"2024-06-23T12:34:00","guid":{"rendered":"https:\/\/nvnoticias.mx\/?p=152679"},"modified":"2024-06-23T02:35:37","modified_gmt":"2024-06-23T08:35:37","slug":"recibe-milei-la-medalla-hayek-en-hamburgo-por-quitar-los-grilletes-a-la-poblacion","status":"publish","type":"post","link":"https:\/\/nvnoticias.mx\/index.php\/2024\/06\/23\/recibe-milei-la-medalla-hayek-en-hamburgo-por-quitar-los-grilletes-a-la-poblacion\/","title":{"rendered":"Recibe Milei la medalla Hayek en Hamburgo por quitar &#8220;los grilletes&#8221; a la poblaci\u00f3n"},"content":{"rendered":"\n<p>El presidente de Argentina, Javier Milei, recibi\u00f3 este s\u00e1bado en la ciudad alemana de Hamburgo, en el norte del pa\u00eds, una medalla de la Sociedad Hayek, de corte neoliberal, que considera que el mandatario lidera un cambio de curso fundamental para &#8220;liberar de grilletes&#8221; a la poblaci\u00f3n y devolverle &#8220;la esperanza&#8221;.<\/p>\n\n\n\n<p>El l\u00edder argentino fue recibido por unos 200 asistentes en pie, que aplaudieron y gritaron &#8220;libertad&#8221; en el hotel Hafen de la ciudad portuaria, donde le fue entregado la medalla por el presidente de la Sociedad Hayek, director del Instituto de Estudios Econ\u00f3micos de Kiel (IfW), Stefan Kooths, en presencia de su hermana, Karina.<\/p>\n\n\n\n<blockquote class=\"wp-block-quote is-layout-flow wp-block-quote-is-layout-flow\">\n<p>&#8220;Usted defiende un cambio de rumbo fundamental sin promesas populistas, de soluciones baratas (\u2026)&#8221;, recalc\u00f3 Kooths, quien sostuvo que en lugar de ello Milei, &#8220;sin actitud paternalista de un Estado opulento en constante expansi\u00f3n&#8221;, &#8220;libera los grilletes que impiden a la gente ayudarse a s\u00ed misma&#8221; y &#8220;devuelve a la gente en su pa\u00eds &#8220;la confianza en s\u00ed mismos y eso les da esperanza&#8221;.<\/p>\n<\/blockquote>\n\n\n\n<p>El presidente de la Sociedad Hayek ensalz\u00f3 a Milei como uno de los &#8220;raros pioneros que aparecen por fortuna en los momentos de m\u00e1xima necesidad&#8221; para dar a un pa\u00eds destrozado la oportunidad de salir del callej\u00f3n sin salida al que lo ha llevado el &#8220;intervencionismo&#8221;.<\/p>\n\n\n\n<blockquote class=\"wp-block-quote is-layout-flow wp-block-quote-is-layout-flow\">\n<p>&#8220;Usted no es un populista, sino un popularizador de las ideas del libre mercado&#8221;, afirm\u00f3 Kooths, que se\u00f1al\u00f3 que la lucha emprendida por el presidente argentino no se produce solo al nivel econ\u00f3mico, sino tambi\u00e9n en el cultural.<\/p>\n<\/blockquote>\n\n\n\n<blockquote class=\"wp-block-quote is-layout-flow wp-block-quote-is-layout-flow\">\n<p>&#8220;Su principal oponente se llama marxismo cultural, ya que el socialismo puramente econ\u00f3mico de Karl Marx ya qued\u00f3 liquidado hace tiempo a nivel te\u00f3rico y pr\u00e1ctico&#8221;, se\u00f1al\u00f3 el presidente de la Sociedad Hayek, que carg\u00f3 contra &#8220;el nihilismo igualitarista, las fantas\u00edas de pol\u00edtica identitaria, los equivocados caminos postcoloniales, el feminismo radical&#8221;, entre otros.<\/p>\n<\/blockquote>\n\n\n\n<blockquote class=\"wp-block-quote is-layout-flow wp-block-quote-is-layout-flow\">\n<p>&#8220;Puede que usted sea pol\u00edticamente incorrecto, pero sobre todo es correcto pol\u00edticamente&#8221;, brome\u00f3 Kooths.<\/p>\n<\/blockquote>\n\n\n\n<p>Fuente: El <a href=\"https:\/\/www.eluniversal.com.mx\/mundo\/milei-recibe-la-medalla-hayek-en-hamburgo-por-quitar-los-grilletes-a-la-poblacion\/\" data-type=\"link\" data-id=\"https:\/\/www.eluniversal.com.mx\/mundo\/milei-recibe-la-medalla-hayek-en-hamburgo-por-quitar-los-grilletes-a-la-poblacion\/\">Universal<\/a><br><\/p>\n","protected":false},"excerpt":{"rendered":"<p>El presidente de Argentina, Javier Milei, recibi\u00f3 este s\u00e1bado en la ciudad alemana de Hamburgo, en el norte del pa\u00eds, una medalla de la Sociedad Hayek, de corte neoliberal, que considera que el mandatario lidera un cambio de curso fundamental para &#8220;liberar de grilletes&#8221; a la poblaci\u00f3n y devolverle &#8220;la esperanza&#8221;. El l\u00edder argentino fue [&hellip;]<\/p>\n","protected":false},"author":35,"featured_media":152680,"comment_status":"open","ping_status":"open","sticky":false,"template":"","format":"standard","meta":{"_monsterinsights_skip_tracking":false,"_monsterinsights_sitenote_active":false,"_monsterinsights_sitenote_note":"","_monsterinsights_sitenote_category":0,"footnotes":""},"categories":[181],"tags":[27223],"class_list":["post-152679","post","type-post","status-publish","format-standard","has-post-thumbnail","hentry","category-internacional","tag-javier-milei","wp-image-borders"],"amp_enabled":true,"_links":{"self":[{"href":"https:\/\/nvnoticias.mx\/index.php\/wp-json\/wp\/v2\/posts\/152679","targetHints":{"allow":["GET"]}}],"collection":[{"href":"https:\/\/nvnoticias.mx\/index.php\/wp-json\/wp\/v2\/posts"}],"about":[{"href":"https:\/\/nvnoticias.mx\/index.php\/wp-json\/wp\/v2\/types\/post"}],"author":[{"embeddable":true,"href":"https:\/\/nvnoticias.mx\/index.php\/wp-json\/wp\/v2\/users\/35"}],"replies":[{"embeddable":true,"href":"https:\/\/nvnoticias.mx\/index.php\/wp-json\/wp\/v2\/comments?post=152679"}],"version-history":[{"count":1,"href":"https:\/\/nvnoticias.mx\/index.php\/wp-json\/wp\/v2\/posts\/152679\/revisions"}],"predecessor-version":[{"id":152681,"href":"https:\/\/nvnoticias.mx\/index.php\/wp-json\/wp\/v2\/posts\/152679\/revisions\/152681"}],"wp:featuredmedia":[{"embeddable":true,"href":"https:\/\/nvnoticias.mx\/index.php\/wp-json\/wp\/v2\/media\/152680"}],"wp:attachment":[{"href":"https:\/\/nvnoticias.mx\/index.php\/wp-json\/wp\/v2\/media?parent=152679"}],"wp:term":[{"taxonomy":"category","embeddable":true,"href":"https:\/\/nvnoticias.mx\/index.php\/wp-json\/wp\/v2\/categories?post=152679"},{"taxonomy":"post_tag","embeddable":true,"href":"https:\/\/nvnoticias.mx\/index.php\/wp-json\/wp\/v2\/tags?post=152679"}],"curies":[{"name":"wp","href":"https:\/\/api.w.org\/{rel}","templated":true}]}}