{"id":152521,"date":"2024-06-21T07:49:09","date_gmt":"2024-06-21T13:49:09","guid":{"rendered":"https:\/\/nvnoticias.mx\/?p=152521"},"modified":"2024-06-21T07:49:11","modified_gmt":"2024-06-21T13:49:11","slug":"apoyo-a-mexicanos-en-eu-y-otros-paises-prioridad-de-sre-en-gobierno-de-sheinbaum-de-la-fuente","status":"publish","type":"post","link":"https:\/\/nvnoticias.mx\/index.php\/2024\/06\/21\/apoyo-a-mexicanos-en-eu-y-otros-paises-prioridad-de-sre-en-gobierno-de-sheinbaum-de-la-fuente\/","title":{"rendered":"Apoyo a mexicanos en EU y otros pa\u00edses, prioridad de SRE en gobierno de Sheinbaum: De la Fuente"},"content":{"rendered":"\n<p>El futuro canciller, Juan Ram\u00f3n de la Fuente, dijo que una de las prioridades de su mandato, como parte del gabinete de la virtual presidenta electa, Claudia Sheinbaum, ser\u00e1 la protecci\u00f3n de los mexicanos en el extranjero.<\/p>\n\n\n\n<blockquote class=\"wp-block-quote is-layout-flow wp-block-quote-is-layout-flow\">\n<p>\u201cSer\u00e1 revisar y fortalecer los mecanismos de apoyo que necesitan nuestros paisanos fuera de M\u00e9xico\u201d, asegur\u00f3 en entrevista con Elisa Alan\u00eds.<\/p>\n<\/blockquote>\n\n\n\n<p>Por otro lado, tambi\u00e9n dijo que ser\u00e1 importante mantener e impulsar el di\u00e1logo y la negociaci\u00f3n con el gobierno de Estados Unidos, sea quien sea que triunfe en las elecciones de noviembre pr\u00f3ximo.<\/p>\n\n\n\n<blockquote class=\"wp-block-quote is-layout-flow wp-block-quote-is-layout-flow\">\n<p>\u201cHay que estar preparados para mantener el di\u00e1logo de alto nivel, el di\u00e1logo como principal instrumento para la colaboraci\u00f3n independientemente de sus resultados electorales\u201d, asegur\u00f3 el diplom\u00e1tico, quien dijo que se buscar\u00e1 defender y respetar ambas soberan\u00edas.\u00a0<br><br>\u00a0\u201cUn principio de colaboraci\u00f3n, de tratar de encontrar en este di\u00e1logo de alto nivel las posibilidades de adelantarnos a los problemas, de trabajar en la mejor disposici\u00f3n que se pueda, manteniendo muy claros nuestros principios de independencia y de soberan\u00eda\u201d.<\/p>\n<\/blockquote>\n\n\n\n<p>Por otro lado, cuestionado sobre la inclusi\u00f3n de pol\u00edticos y funcionarios ajenos al servicio exterior mexicano, De la Fuente acept\u00f3 que puede ser una buena estrategia para complementar a la diplomacia nacional.<\/p>\n\n\n\n<blockquote class=\"wp-block-quote is-layout-flow wp-block-quote-is-layout-flow\">\n<p>\u201cCreo que una endogamia nunca es la mejor forma de formar y de preparar a los recursos humanos, creo que hay que prepararse (\u2026) que se complementen con los que vienen de otras formaciones puede ser bueno, y ha habido casos muy notorios de algunos y algunas de ellos que lo han hecho extraordinariamente bien\u201d, dijo el futuro canciller.<\/p>\n<\/blockquote>\n\n\n\n<p>Fuente: <a href=\"https:\/\/www.milenio.com\/politica\/elecciones\/apoyo-a-mexicanos-eu-y-otros-paises-prioridad-de-sre-de-la-fuente\" data-type=\"link\" data-id=\"https:\/\/www.milenio.com\/politica\/elecciones\/apoyo-a-mexicanos-eu-y-otros-paises-prioridad-de-sre-de-la-fuente\">Milenio<\/a><br><\/p>\n","protected":false},"excerpt":{"rendered":"<p>El futuro canciller, Juan Ram\u00f3n de la Fuente, dijo que una de las prioridades de su mandato, como parte del gabinete de la virtual presidenta electa, Claudia Sheinbaum, ser\u00e1 la protecci\u00f3n de los mexicanos en el extranjero. \u201cSer\u00e1 revisar y fortalecer los mecanismos de apoyo que necesitan nuestros paisanos fuera de M\u00e9xico\u201d, asegur\u00f3 en entrevista [&hellip;]<\/p>\n","protected":false},"author":35,"featured_media":152524,"comment_status":"open","ping_status":"open","sticky":false,"template":"","format":"standard","meta":{"_monsterinsights_skip_tracking":false,"_monsterinsights_sitenote_active":false,"_monsterinsights_sitenote_note":"","_monsterinsights_sitenote_category":0,"footnotes":""},"categories":[158],"tags":[183,30301,162,5627],"class_list":["post-152521","post","type-post","status-publish","format-standard","has-post-thumbnail","hentry","category-politica","tag-estados-unidos","tag-juan-ramon-de-la-fuente","tag-portada","tag-sre","wp-image-borders"],"amp_enabled":true,"_links":{"self":[{"href":"https:\/\/nvnoticias.mx\/index.php\/wp-json\/wp\/v2\/posts\/152521","targetHints":{"allow":["GET"]}}],"collection":[{"href":"https:\/\/nvnoticias.mx\/index.php\/wp-json\/wp\/v2\/posts"}],"about":[{"href":"https:\/\/nvnoticias.mx\/index.php\/wp-json\/wp\/v2\/types\/post"}],"author":[{"embeddable":true,"href":"https:\/\/nvnoticias.mx\/index.php\/wp-json\/wp\/v2\/users\/35"}],"replies":[{"embeddable":true,"href":"https:\/\/nvnoticias.mx\/index.php\/wp-json\/wp\/v2\/comments?post=152521"}],"version-history":[{"count":1,"href":"https:\/\/nvnoticias.mx\/index.php\/wp-json\/wp\/v2\/posts\/152521\/revisions"}],"predecessor-version":[{"id":152522,"href":"https:\/\/nvnoticias.mx\/index.php\/wp-json\/wp\/v2\/posts\/152521\/revisions\/152522"}],"wp:featuredmedia":[{"embeddable":true,"href":"https:\/\/nvnoticias.mx\/index.php\/wp-json\/wp\/v2\/media\/152524"}],"wp:attachment":[{"href":"https:\/\/nvnoticias.mx\/index.php\/wp-json\/wp\/v2\/media?parent=152521"}],"wp:term":[{"taxonomy":"category","embeddable":true,"href":"https:\/\/nvnoticias.mx\/index.php\/wp-json\/wp\/v2\/categories?post=152521"},{"taxonomy":"post_tag","embeddable":true,"href":"https:\/\/nvnoticias.mx\/index.php\/wp-json\/wp\/v2\/tags?post=152521"}],"curies":[{"name":"wp","href":"https:\/\/api.w.org\/{rel}","templated":true}]}}