{"id":152491,"date":"2024-06-21T05:10:00","date_gmt":"2024-06-21T11:10:00","guid":{"rendered":"https:\/\/nvnoticias.mx\/?p=152491"},"modified":"2024-06-21T01:03:26","modified_gmt":"2024-06-21T07:03:26","slug":"norona-critica-reconciliacion-de-xochitl-galvez-con-marko-cortes","status":"publish","type":"post","link":"https:\/\/nvnoticias.mx\/index.php\/2024\/06\/21\/norona-critica-reconciliacion-de-xochitl-galvez-con-marko-cortes\/","title":{"rendered":"Noro\u00f1a critica reconciliaci\u00f3n de X\u00f3chitl G\u00e1lvez con Marko Cort\u00e9s"},"content":{"rendered":"\n<p>Gerardo Fern\u00e1ndez Noro\u00f1a declar\u00f3 que X\u00f3chitl G\u00e1lvez \u201cest\u00e1 m\u00e1s perdida que nunca\u201d luego de que la excandidata presidencial de la alianza Fuerza y Coraz\u00f3n por M\u00e9xico anunci\u00f3 que ya hubo reconciliaci\u00f3n con Marko Cort\u00e9s despu\u00e9s de que acus\u00f3 que la insult\u00f3 durante su campa\u00f1a.<\/p>\n\n\n\n<p>As\u00ed lo expres\u00f3 el l\u00edder petista en sus redes sociales, en una publicaci\u00f3n en donde comparti\u00f3 el video de la senadora panista al lado del l\u00edder nacional de mismo partido en el que propone considerar a Andr\u00e9s Manuel L\u00f3pez Obrador como \u201ctraidor a la patria\u201d.<\/p>\n\n\n\n<blockquote class=\"wp-block-quote is-layout-flow wp-block-quote-is-layout-flow\">\n<p>\u201cEst\u00e1 m\u00e1s perdida que nunca. Lo incre\u00edble, es que los medios le sigan dando cuerda a Bertha X\u00f3chitl G\u00e1lvez Ruiz\u201d, escribi\u00f3.<\/p>\n<\/blockquote>\n\n\n\n<p>Dicho video circul\u00f3 luego de que la hidalguense saliera junto a Marko Cort\u00e9s a informar que se sentaron juntos en un desayuno para darle vuelta a la p\u00e1gina ante las diferencias que tuvieron durante su campa\u00f1a presidencial.<\/p>\n\n\n\n<p>Fuente: El <a href=\"https:\/\/www.eluniversal.com.mx\/nacion\/norona-critica-reconciliacion-de-xochitl-galvez-con-marko-cortes-esta-mas-perdida-que-nunca\/\" data-type=\"link\" data-id=\"https:\/\/www.eluniversal.com.mx\/nacion\/norona-critica-reconciliacion-de-xochitl-galvez-con-marko-cortes-esta-mas-perdida-que-nunca\/\">Universal<\/a><br><\/p>\n","protected":false},"excerpt":{"rendered":"<p>Gerardo Fern\u00e1ndez Noro\u00f1a declar\u00f3 que X\u00f3chitl G\u00e1lvez \u201cest\u00e1 m\u00e1s perdida que nunca\u201d luego de que la excandidata presidencial de la alianza Fuerza y Coraz\u00f3n por M\u00e9xico anunci\u00f3 que ya hubo reconciliaci\u00f3n con Marko Cort\u00e9s despu\u00e9s de que acus\u00f3 que la insult\u00f3 durante su campa\u00f1a. As\u00ed lo expres\u00f3 el l\u00edder petista en sus redes sociales, en [&hellip;]<\/p>\n","protected":false},"author":35,"featured_media":152493,"comment_status":"open","ping_status":"open","sticky":false,"template":"","format":"standard","meta":{"_monsterinsights_skip_tracking":false,"_monsterinsights_sitenote_active":false,"_monsterinsights_sitenote_note":"","_monsterinsights_sitenote_category":0,"footnotes":""},"categories":[158],"tags":[5233,597,6005],"class_list":["post-152491","post","type-post","status-publish","format-standard","has-post-thumbnail","hentry","category-politica","tag-fernandez-norona","tag-marko-cortes","tag-xochilt-galvez","wp-image-borders"],"amp_enabled":true,"_links":{"self":[{"href":"https:\/\/nvnoticias.mx\/index.php\/wp-json\/wp\/v2\/posts\/152491","targetHints":{"allow":["GET"]}}],"collection":[{"href":"https:\/\/nvnoticias.mx\/index.php\/wp-json\/wp\/v2\/posts"}],"about":[{"href":"https:\/\/nvnoticias.mx\/index.php\/wp-json\/wp\/v2\/types\/post"}],"author":[{"embeddable":true,"href":"https:\/\/nvnoticias.mx\/index.php\/wp-json\/wp\/v2\/users\/35"}],"replies":[{"embeddable":true,"href":"https:\/\/nvnoticias.mx\/index.php\/wp-json\/wp\/v2\/comments?post=152491"}],"version-history":[{"count":1,"href":"https:\/\/nvnoticias.mx\/index.php\/wp-json\/wp\/v2\/posts\/152491\/revisions"}],"predecessor-version":[{"id":152492,"href":"https:\/\/nvnoticias.mx\/index.php\/wp-json\/wp\/v2\/posts\/152491\/revisions\/152492"}],"wp:featuredmedia":[{"embeddable":true,"href":"https:\/\/nvnoticias.mx\/index.php\/wp-json\/wp\/v2\/media\/152493"}],"wp:attachment":[{"href":"https:\/\/nvnoticias.mx\/index.php\/wp-json\/wp\/v2\/media?parent=152491"}],"wp:term":[{"taxonomy":"category","embeddable":true,"href":"https:\/\/nvnoticias.mx\/index.php\/wp-json\/wp\/v2\/categories?post=152491"},{"taxonomy":"post_tag","embeddable":true,"href":"https:\/\/nvnoticias.mx\/index.php\/wp-json\/wp\/v2\/tags?post=152491"}],"curies":[{"name":"wp","href":"https:\/\/api.w.org\/{rel}","templated":true}]}}