{"id":152462,"date":"2024-06-20T14:01:47","date_gmt":"2024-06-20T20:01:47","guid":{"rendered":"https:\/\/nvnoticias.mx\/?p=152462"},"modified":"2024-06-20T14:02:11","modified_gmt":"2024-06-20T20:02:11","slug":"estos-seran-los-retos-de-ebrard-al-frente-de-la-secretaria-de-economia-banco-base","status":"publish","type":"post","link":"https:\/\/nvnoticias.mx\/index.php\/2024\/06\/20\/estos-seran-los-retos-de-ebrard-al-frente-de-la-secretaria-de-economia-banco-base\/","title":{"rendered":"Estos ser\u00e1n los retos de Ebrard al frente de la Secretar\u00eda de Econom\u00eda: Banco Base"},"content":{"rendered":"\n<p>Al destacar que el mercado cambiario tom\u00f3 bien el nombramiento de Marcelo Ebrard como pr\u00f3ximo secretario de Econom\u00eda, Banco Base se\u00f1al\u00f3 los principales retos que habr\u00e1 de enfrentar el excanciller mexicano, que sustituir\u00e1 a Raquel Buenrostro en esa cartera del gabinete de Claudia Sheinbaum, virtual presidenta electa de M\u00e9xico.<\/p>\n\n\n\n<blockquote class=\"wp-block-quote is-layout-flow wp-block-quote-is-layout-flow\">\n<p>\u201cLe tocar\u00e1 la renovaci\u00f3n del T-MEC en 2026 y aprovechar la oportunidad global del nearshoring\u201d, dijo la directora de An\u00e1lisis Econ\u00f3mico de Grupo Financiero Base, Gabriela Siller.<\/p>\n<\/blockquote>\n\n\n\n<p>De acuerdo con Siller, entre los nombramientos que hizo este jueves la virtual ganadora de las elecciones presidenciales en M\u00e9xico, Claudia Sheinbaum, la que m\u00e1s sorprendi\u00f3 positivamente fue la de Ebrard.<\/p>\n\n\n\n<blockquote class=\"wp-block-quote is-layout-flow wp-block-quote-is-layout-flow\">\n<p>\u201cTendr\u00e1 que, como uno de los principales retos, aprovechar mejor la oportunidad global del nearshoring porque hasta ahora se ha aprovechado muy poco y no durar\u00e1 eternamente\u201d, advirti\u00f3.<\/p>\n<\/blockquote>\n\n\n\n<p>La especialista mencion\u00f3 que el tipo de cambio baj\u00f3 a 18.32 pesos por d\u00f3lar tras el anuncio, desde los 18.37 unidades del inicio de la jornada cambiaria este jueves.<\/p>\n\n\n\n<p>Fuente: El <a href=\"https:\/\/www.eluniversal.com.mx\/cartera\/estos-seran-los-retos-de-ebrard-al-frente-de-la-secretaria-de-economia-segun-banco-base\/\" data-type=\"link\" data-id=\"https:\/\/www.eluniversal.com.mx\/cartera\/estos-seran-los-retos-de-ebrard-al-frente-de-la-secretaria-de-economia-segun-banco-base\/\">Universal<\/a><br><\/p>\n","protected":false},"excerpt":{"rendered":"<p>Al destacar que el mercado cambiario tom\u00f3 bien el nombramiento de Marcelo Ebrard como pr\u00f3ximo secretario de Econom\u00eda, Banco Base se\u00f1al\u00f3 los principales retos que habr\u00e1 de enfrentar el excanciller mexicano, que sustituir\u00e1 a Raquel Buenrostro en esa cartera del gabinete de Claudia Sheinbaum, virtual presidenta electa de M\u00e9xico. \u201cLe tocar\u00e1 la renovaci\u00f3n del T-MEC [&hellip;]<\/p>\n","protected":false},"author":35,"featured_media":117630,"comment_status":"open","ping_status":"open","sticky":false,"template":"","format":"standard","meta":{"_monsterinsights_skip_tracking":false,"_monsterinsights_sitenote_active":false,"_monsterinsights_sitenote_note":"","_monsterinsights_sitenote_category":0,"footnotes":""},"categories":[157],"tags":[391,19942],"class_list":["post-152462","post","type-post","status-publish","format-standard","has-post-thumbnail","hentry","category-nacional","tag-marcelo-ebrard","tag-secretaria-de-economia-2","wp-image-borders"],"amp_enabled":true,"_links":{"self":[{"href":"https:\/\/nvnoticias.mx\/index.php\/wp-json\/wp\/v2\/posts\/152462","targetHints":{"allow":["GET"]}}],"collection":[{"href":"https:\/\/nvnoticias.mx\/index.php\/wp-json\/wp\/v2\/posts"}],"about":[{"href":"https:\/\/nvnoticias.mx\/index.php\/wp-json\/wp\/v2\/types\/post"}],"author":[{"embeddable":true,"href":"https:\/\/nvnoticias.mx\/index.php\/wp-json\/wp\/v2\/users\/35"}],"replies":[{"embeddable":true,"href":"https:\/\/nvnoticias.mx\/index.php\/wp-json\/wp\/v2\/comments?post=152462"}],"version-history":[{"count":1,"href":"https:\/\/nvnoticias.mx\/index.php\/wp-json\/wp\/v2\/posts\/152462\/revisions"}],"predecessor-version":[{"id":152463,"href":"https:\/\/nvnoticias.mx\/index.php\/wp-json\/wp\/v2\/posts\/152462\/revisions\/152463"}],"wp:featuredmedia":[{"embeddable":true,"href":"https:\/\/nvnoticias.mx\/index.php\/wp-json\/wp\/v2\/media\/117630"}],"wp:attachment":[{"href":"https:\/\/nvnoticias.mx\/index.php\/wp-json\/wp\/v2\/media?parent=152462"}],"wp:term":[{"taxonomy":"category","embeddable":true,"href":"https:\/\/nvnoticias.mx\/index.php\/wp-json\/wp\/v2\/categories?post=152462"},{"taxonomy":"post_tag","embeddable":true,"href":"https:\/\/nvnoticias.mx\/index.php\/wp-json\/wp\/v2\/tags?post=152462"}],"curies":[{"name":"wp","href":"https:\/\/api.w.org\/{rel}","templated":true}]}}