{"id":152448,"date":"2024-06-20T13:18:41","date_gmt":"2024-06-20T19:18:41","guid":{"rendered":"https:\/\/nvnoticias.mx\/?p=152448"},"modified":"2024-06-20T13:18:43","modified_gmt":"2024-06-20T19:18:43","slug":"visita-de-javier-milei-a-espana-desata-polemica","status":"publish","type":"post","link":"https:\/\/nvnoticias.mx\/index.php\/2024\/06\/20\/visita-de-javier-milei-a-espana-desata-polemica\/","title":{"rendered":"Visita de Javier Milei a Espa\u00f1a desata pol\u00e9mica"},"content":{"rendered":"\n<p>Una nueva visita este viernes a Espa\u00f1a del presidente argentino, Javier Milei, luego de una primera en mayo que desat\u00f3 una crisis diplom\u00e1tica, gener\u00f3 cr\u00edticas desde el Gobierno espa\u00f1ol, que vio &#8220;l\u00f3gico&#8221; que el mandatario sudamericano no sea recibido por el rey Felipe VI.<\/p>\n\n\n\n<blockquote class=\"wp-block-quote is-layout-flow wp-block-quote-is-layout-flow\">\n<p>&#8220;Yo creo que es l\u00f3gico, el rey es el jefe de un Estado en el que el presidente Milei ha faltado al respeto al presidente del Gobierno de Espa\u00f1a&#8221;, dijo este jueves al canal Telecinco la ministra espa\u00f1ola de Defensa, Margarita Robles, sobre el hecho de que Felipe VI no se re\u00fana con Milei.<\/p>\n<\/blockquote>\n\n\n\n<p>Seg\u00fan revel\u00f3 el diario El Pa\u00eds, Milei hab\u00eda solicitado una audiencia con el monarca durante su visita este viernes a Madrid -para recibir el premio anual del Instituto Juan de Mariana, un centro de pensamiento neoliberal-, sin obtener respuesta. De acuerdo con lo informado por este y otros medios espa\u00f1oles, desde el Palacio de La Zarzuela expresaron que Felipe VI \u201ccoordina con el Ministerio de Asuntos Exteriores los viajes al extranjero y las visitas a Espa\u00f1a de mandatarios internacionales\u201d y subrayaron que, de acuerdo con la ley espa\u00f1ola, \u201cla pol\u00edtica exterior es competencia exclusiva del gobierno\u201d de Espa\u00f1a. De ese modo, la Casa Real evit\u00f3 inmiscuirse en la relaci\u00f3n con el gobierno argentino en medio de la crisis diplom\u00e1tica entre Milei y el presidente del gobierno espa\u00f1ol, Pedro S\u00e1nchez, que esta semana continu\u00f3 escalando.<\/p>\n\n\n\n<p>Consultados por el diario argentino La Naci\u00f3n, en el gobierno no hicieron, en principio, comentarios sobre la publicaci\u00f3n de El Pa\u00eds. Pero deslizaron, sin dar precisiones: \u201cEntendemos que no hubo tal petici\u00f3n (de audiencia con el Rey)\u201d. En su \u00faltima entrevista televisiva, y antes de viajar otra vez a Espa\u00f1a, el mandatario argentino carg\u00f3 de nuevo contra S\u00e1nchez y lo acus\u00f3 de ejercer un \u201csocialismo autoritario\u201d.<\/p>\n\n\n\n<p>Fuente: El <a href=\"https:\/\/www.eluniversal.com.mx\/mundo\/visita-de-javier-milei-a-espana-desata-polemica-le-niegan-audiencia-con-el-rey\/\" data-type=\"link\" data-id=\"https:\/\/www.eluniversal.com.mx\/mundo\/visita-de-javier-milei-a-espana-desata-polemica-le-niegan-audiencia-con-el-rey\/\">Universal<\/a><br><\/p>\n","protected":false},"excerpt":{"rendered":"<p>Una nueva visita este viernes a Espa\u00f1a del presidente argentino, Javier Milei, luego de una primera en mayo que desat\u00f3 una crisis diplom\u00e1tica, gener\u00f3 cr\u00edticas desde el Gobierno espa\u00f1ol, que vio &#8220;l\u00f3gico&#8221; que el mandatario sudamericano no sea recibido por el rey Felipe VI. &#8220;Yo creo que es l\u00f3gico, el rey es el jefe de [&hellip;]<\/p>\n","protected":false},"author":35,"featured_media":117634,"comment_status":"open","ping_status":"open","sticky":false,"template":"","format":"standard","meta":{"_monsterinsights_skip_tracking":false,"_monsterinsights_sitenote_active":false,"_monsterinsights_sitenote_note":"","_monsterinsights_sitenote_category":0,"footnotes":""},"categories":[181],"tags":[27223],"class_list":["post-152448","post","type-post","status-publish","format-standard","has-post-thumbnail","hentry","category-internacional","tag-javier-milei","wp-image-borders"],"amp_enabled":true,"_links":{"self":[{"href":"https:\/\/nvnoticias.mx\/index.php\/wp-json\/wp\/v2\/posts\/152448","targetHints":{"allow":["GET"]}}],"collection":[{"href":"https:\/\/nvnoticias.mx\/index.php\/wp-json\/wp\/v2\/posts"}],"about":[{"href":"https:\/\/nvnoticias.mx\/index.php\/wp-json\/wp\/v2\/types\/post"}],"author":[{"embeddable":true,"href":"https:\/\/nvnoticias.mx\/index.php\/wp-json\/wp\/v2\/users\/35"}],"replies":[{"embeddable":true,"href":"https:\/\/nvnoticias.mx\/index.php\/wp-json\/wp\/v2\/comments?post=152448"}],"version-history":[{"count":1,"href":"https:\/\/nvnoticias.mx\/index.php\/wp-json\/wp\/v2\/posts\/152448\/revisions"}],"predecessor-version":[{"id":152449,"href":"https:\/\/nvnoticias.mx\/index.php\/wp-json\/wp\/v2\/posts\/152448\/revisions\/152449"}],"wp:featuredmedia":[{"embeddable":true,"href":"https:\/\/nvnoticias.mx\/index.php\/wp-json\/wp\/v2\/media\/117634"}],"wp:attachment":[{"href":"https:\/\/nvnoticias.mx\/index.php\/wp-json\/wp\/v2\/media?parent=152448"}],"wp:term":[{"taxonomy":"category","embeddable":true,"href":"https:\/\/nvnoticias.mx\/index.php\/wp-json\/wp\/v2\/categories?post=152448"},{"taxonomy":"post_tag","embeddable":true,"href":"https:\/\/nvnoticias.mx\/index.php\/wp-json\/wp\/v2\/tags?post=152448"}],"curies":[{"name":"wp","href":"https:\/\/api.w.org\/{rel}","templated":true}]}}