{"id":152444,"date":"2024-06-20T13:13:56","date_gmt":"2024-06-20T19:13:56","guid":{"rendered":"https:\/\/nvnoticias.mx\/?p=152444"},"modified":"2024-06-20T13:13:58","modified_gmt":"2024-06-20T19:13:58","slug":"esperan-repunte-del-movimiento-de-carga-por-el-puerto-de-veracruz","status":"publish","type":"post","link":"https:\/\/nvnoticias.mx\/index.php\/2024\/06\/20\/esperan-repunte-del-movimiento-de-carga-por-el-puerto-de-veracruz\/","title":{"rendered":"Esperan repunte del movimiento de carga por el Puerto de Veracruz"},"content":{"rendered":"\n<p><\/p>\n\n\n\n<p><strong>Jes\u00fas Utrilla \/ NV Noticias<\/strong><\/p>\n\n\n\n<p>Durante los primeros cinco meses del a\u00f1o el movimiento de carga contenerizada por el Puerto de Veracruz creci\u00f3 7.3 por ciento y el granel agr\u00edcola 12.6 por ciento, pero se report\u00f3 una baja de granel mineral y del movimiento de veh\u00edculos, por 28.7 por ciento y 20.1 por ciento, respectivamente.<\/p>\n\n\n\n<p>Marco Antonio Sansores Ram\u00edrez, presidente de la Asociaci\u00f3n de Agentes Aduanales del Puerto de Veracruz, dijo en t\u00e9rminos generales el movimiento de carga redujo medio mill\u00f3n de toneladas, ya que en 2023, se movi\u00f3 14 millones 029 mil 244 toneladas y en lo que va de 2024 son cerca de 13 millones 753 mil 986 toneladas.&nbsp;<\/p>\n\n\n\n<blockquote class=\"wp-block-quote is-layout-flow wp-block-quote-is-layout-flow\">\n<p>\u201c<em>Si tomamos en cuenta que al final del a\u00f1o movemos 35 millones de toneladas, es un n\u00famero no muy significativo, pero s\u00ed hemos tenido una reducci\u00f3n de 2 por ciento comparado con los primeros cinco meses del a\u00f1o anterior. El tema electoral hizo que los inversionistas tuvieran m\u00e1s cautela y el consumo tambi\u00e9n baj\u00f3<\/em>\u201d.<\/p>\n<\/blockquote>\n\n\n\n<p>En los primeros cinco meses del a\u00f1o, la carga general suelta baj\u00f3 22 por ciento, mientras que los hidrocarburos redujeron 7.4 por ciento, pero para la segunda mitad del a\u00f1o se espera un repunte en el movimiento de carga por el Puerto de Veracruz, una vez cerrado el cap\u00edtulo electoral.<\/p>\n\n\n\n<p>Por otro lado Sansores Ram\u00edrez dijo que a mediados de julio comenzar\u00e1 a verse el efecto de la paridad peso- d\u00f3lar, que beneficia a las exportaciones pero impacta en las importaciones.<\/p>\n\n\n\n<blockquote class=\"wp-block-quote is-layout-flow wp-block-quote-is-layout-flow\">\n<p>\u201c<em>Yo creo que el efecto apenas lo vamos a ver, porque el salto se dio a partir de que concluyeron las elecciones y en los n\u00fameros de julio empezaremos a ver el efecto del pes<\/em>o\u201d.<\/p>\n<\/blockquote>\n\n\n\n<p>Sansores Ram\u00edrez acudi\u00f3 a las instalaciones del Consejo Coordinador Empresarial (CCE) Veracruz- Boca del R\u00edo, a la reuni\u00f3n con Manuel Fernando Guti\u00e9rrez Gallardo, coordinador general de Puertos y Marina Mercante.<\/p>\n","protected":false},"excerpt":{"rendered":"<p>Jes\u00fas Utrilla \/ NV Noticias Durante los primeros cinco meses del a\u00f1o el movimiento de carga contenerizada por el Puerto de Veracruz creci\u00f3 7.3 por ciento y el granel agr\u00edcola 12.6 por ciento, pero se report\u00f3 una baja de granel mineral y del movimiento de veh\u00edculos, por 28.7 por ciento y 20.1 por ciento, respectivamente. [&hellip;]<\/p>\n","protected":false},"author":8,"featured_media":152445,"comment_status":"open","ping_status":"open","sticky":false,"template":"","format":"standard","meta":{"_monsterinsights_skip_tracking":false,"_monsterinsights_sitenote_active":false,"_monsterinsights_sitenote_note":"","_monsterinsights_sitenote_category":0,"footnotes":""},"categories":[154],"tags":[7770,749,4845],"class_list":["post-152444","post","type-post","status-publish","format-standard","has-post-thumbnail","hentry","category-veracruz","tag-movimiento-de-carga","tag-puerto-de-veracruz","tag-repunte","wp-image-borders"],"amp_enabled":true,"_links":{"self":[{"href":"https:\/\/nvnoticias.mx\/index.php\/wp-json\/wp\/v2\/posts\/152444","targetHints":{"allow":["GET"]}}],"collection":[{"href":"https:\/\/nvnoticias.mx\/index.php\/wp-json\/wp\/v2\/posts"}],"about":[{"href":"https:\/\/nvnoticias.mx\/index.php\/wp-json\/wp\/v2\/types\/post"}],"author":[{"embeddable":true,"href":"https:\/\/nvnoticias.mx\/index.php\/wp-json\/wp\/v2\/users\/8"}],"replies":[{"embeddable":true,"href":"https:\/\/nvnoticias.mx\/index.php\/wp-json\/wp\/v2\/comments?post=152444"}],"version-history":[{"count":1,"href":"https:\/\/nvnoticias.mx\/index.php\/wp-json\/wp\/v2\/posts\/152444\/revisions"}],"predecessor-version":[{"id":152446,"href":"https:\/\/nvnoticias.mx\/index.php\/wp-json\/wp\/v2\/posts\/152444\/revisions\/152446"}],"wp:featuredmedia":[{"embeddable":true,"href":"https:\/\/nvnoticias.mx\/index.php\/wp-json\/wp\/v2\/media\/152445"}],"wp:attachment":[{"href":"https:\/\/nvnoticias.mx\/index.php\/wp-json\/wp\/v2\/media?parent=152444"}],"wp:term":[{"taxonomy":"category","embeddable":true,"href":"https:\/\/nvnoticias.mx\/index.php\/wp-json\/wp\/v2\/categories?post=152444"},{"taxonomy":"post_tag","embeddable":true,"href":"https:\/\/nvnoticias.mx\/index.php\/wp-json\/wp\/v2\/tags?post=152444"}],"curies":[{"name":"wp","href":"https:\/\/api.w.org\/{rel}","templated":true}]}}