{"id":152398,"date":"2024-06-19T15:20:31","date_gmt":"2024-06-19T21:20:31","guid":{"rendered":"https:\/\/nvnoticias.mx\/?p=152398"},"modified":"2024-06-19T15:20:33","modified_gmt":"2024-06-19T21:20:33","slug":"revelan-cuando-se-estrenara-intensamente-2-en-disney-plus","status":"publish","type":"post","link":"https:\/\/nvnoticias.mx\/index.php\/2024\/06\/19\/revelan-cuando-se-estrenara-intensamente-2-en-disney-plus\/","title":{"rendered":"Revelan cu\u00e1ndo se estrenar\u00e1 &#8220;Intensamente 2&#8221; en Disney Plus"},"content":{"rendered":"\n<p>Intensamente 2 se convirti\u00f3 en una de las pel\u00edculas animadas m\u00e1s esperadas del a\u00f1o; durante su primer fin de semana logr\u00f3 recaudar 295 millones de d\u00f3lares a nivel mundial. La nueva cinta de Disney y Pixar ha abarrotado la mayor\u00eda de las salas de cine del mundo.<\/p>\n\n\n\n<p>Tras el \u00e9xito en su debut en las salas de cine, muchos se preguntan si Intensamente 2 llegar\u00e1 a alguna plataforma de streaming, \u00bfllegar\u00e1n Riley, Alegr\u00eda, Miedo, Furia, Desagrado, Tristeza, Ansiedad, Envidia, Verg\u00fcenza y Ennui a Disney Plus? Aqu\u00ed te decimos lo que sabemos.<\/p>\n\n\n\n<p>Hay muchas razones por las que una persona decide ver una pel\u00edcula desde casa, ya sea por comodidad o simplemente por ahorrar unos cuantos pesos, es por eso que aqu\u00ed te decimos cu\u00e1ndo podr\u00eda llegar Intensamente 2 a Disney Plus.<\/p>\n\n\n\n<p>Lo m\u00e1s probable es que s\u00ed, teniendo en cuenta que en esta plataforma de streaming ya se encuentra la primera pel\u00edcula de la saga, la cual se estren\u00f3 en 2015.\u00a0<\/p>\n\n\n\n<p>Tomando como referencia estrenos anteriores, Intensamente 2 estar\u00eda llegando al cat\u00e1logo de Disney Plus en los pr\u00f3ximos tres meses.<\/p>\n\n\n\n<p>Es decir, Intensamente 2 se estrenar\u00eda en Disney Plus en septiembre de este a\u00f1o, aunque hay que estar al tanto de las redes sociales oficiales de la plataforma de streaming para saber la fecha exacta de estreno.<br><\/p>\n\n\n\n<p>Fuente:<a href=\"https:\/\/www.milenio.com\/espectaculos\/cine\/intensamente-2-disney-plus-estrena-plataforma\" data-type=\"link\" data-id=\"https:\/\/www.milenio.com\/espectaculos\/cine\/intensamente-2-disney-plus-estrena-plataforma\"> El Universal<\/a><\/p>\n","protected":false},"excerpt":{"rendered":"<p>Intensamente 2 se convirti\u00f3 en una de las pel\u00edculas animadas m\u00e1s esperadas del a\u00f1o; durante su primer fin de semana logr\u00f3 recaudar 295 millones de d\u00f3lares a nivel mundial. La nueva cinta de Disney y Pixar ha abarrotado la mayor\u00eda de las salas de cine del mundo. Tras el \u00e9xito en su debut en las [&hellip;]<\/p>\n","protected":false},"author":35,"featured_media":73570,"comment_status":"open","ping_status":"open","sticky":false,"template":"","format":"standard","meta":{"_monsterinsights_skip_tracking":false,"_monsterinsights_sitenote_active":false,"_monsterinsights_sitenote_note":"","_monsterinsights_sitenote_category":0,"footnotes":""},"categories":[576],"tags":[817,19161],"class_list":["post-152398","post","type-post","status-publish","format-standard","has-post-thumbnail","hentry","category-ocio","tag-disney-plus","tag-intensamente-2","wp-image-borders"],"amp_enabled":true,"_links":{"self":[{"href":"https:\/\/nvnoticias.mx\/index.php\/wp-json\/wp\/v2\/posts\/152398","targetHints":{"allow":["GET"]}}],"collection":[{"href":"https:\/\/nvnoticias.mx\/index.php\/wp-json\/wp\/v2\/posts"}],"about":[{"href":"https:\/\/nvnoticias.mx\/index.php\/wp-json\/wp\/v2\/types\/post"}],"author":[{"embeddable":true,"href":"https:\/\/nvnoticias.mx\/index.php\/wp-json\/wp\/v2\/users\/35"}],"replies":[{"embeddable":true,"href":"https:\/\/nvnoticias.mx\/index.php\/wp-json\/wp\/v2\/comments?post=152398"}],"version-history":[{"count":1,"href":"https:\/\/nvnoticias.mx\/index.php\/wp-json\/wp\/v2\/posts\/152398\/revisions"}],"predecessor-version":[{"id":152399,"href":"https:\/\/nvnoticias.mx\/index.php\/wp-json\/wp\/v2\/posts\/152398\/revisions\/152399"}],"wp:featuredmedia":[{"embeddable":true,"href":"https:\/\/nvnoticias.mx\/index.php\/wp-json\/wp\/v2\/media\/73570"}],"wp:attachment":[{"href":"https:\/\/nvnoticias.mx\/index.php\/wp-json\/wp\/v2\/media?parent=152398"}],"wp:term":[{"taxonomy":"category","embeddable":true,"href":"https:\/\/nvnoticias.mx\/index.php\/wp-json\/wp\/v2\/categories?post=152398"},{"taxonomy":"post_tag","embeddable":true,"href":"https:\/\/nvnoticias.mx\/index.php\/wp-json\/wp\/v2\/tags?post=152398"}],"curies":[{"name":"wp","href":"https:\/\/api.w.org\/{rel}","templated":true}]}}