{"id":152394,"date":"2024-06-19T15:08:35","date_gmt":"2024-06-19T21:08:35","guid":{"rendered":"https:\/\/nvnoticias.mx\/?p=152394"},"modified":"2024-06-19T15:08:36","modified_gmt":"2024-06-19T21:08:36","slug":"lanzan-trailer-de-emilia-perez","status":"publish","type":"post","link":"https:\/\/nvnoticias.mx\/index.php\/2024\/06\/19\/lanzan-trailer-de-emilia-perez\/","title":{"rendered":"Lanzan tr\u00e1iler de &#8216;Emilia P\u00e9rez&#8217;"},"content":{"rendered":"\n<p>La espera ha concluido para los seguidores de Selena G\u00f3mez, con el lanzamiento del esperado tr\u00e1iler de &#8220;Emilia P\u00e9rez&#8221;, la \u00faltima obra de Jacques Audiard que arras\u00f3 en el Festival de Cannes.<\/p>\n\n\n\n<p>\u00a0Esta singular fusi\u00f3n entre comedia musical y thriller dram\u00e1tico promete cautivar a audiencias con su intrigante premisa y un elenco estelar encabezado por Zoe Salda\u00f1a, Selena Gomez, Karla Sof\u00eda Gasc\u00f3n, Adriana Paz, Edgar Ram\u00edrez y Mark Ivanir.<br><\/p>\n\n\n\n<p>La historia gira en torno a Rita, una abogada talentosa pero infravalorada en un gran bufete. Su vida da un giro radical cuando se ve envuelta en una oferta inusual: asistir al temido jefe de un cartel para retirarse de su actividad criminal y desaparecer, transform\u00e1ndose en la mujer que \u00e9l siempre ha deseado ser.&nbsp;<\/p>\n\n\n\n<p>Este giro inesperado de los acontecimientos desencadenar\u00e1 una serie de eventos intensos y emocionantes, donde el peligro y la transformaci\u00f3n personal se entrelazan de manera intrigante.<\/p>\n\n\n\n<p>&#8216;Emilia P\u00e9rez&#8217; tiene previsto su estreno en los cines de Francia el pr\u00f3ximo 21 de agosto, siendo uno de los lanzamientos m\u00e1s esperados del verano en el pa\u00eds galo. En cuanto a su llegada a otros mercados internacionales, incluido el nuestro, se espera que sea distribuida por Elastica Films y Wanda Visi\u00f3n, aunque a\u00fan no se ha confirmado una fecha espec\u00edfica.<\/p>\n\n\n\n<p>El tr\u00e1iler recientemente lanzado revela fragmentos de escenas llenas de acci\u00f3n, momentos musicales que destacan el talento tanto de Selena Gomez como de Zoe Salda\u00f1a, y una atm\u00f3sfera visualmente impresionante que transporta al espectador a los diferentes escenarios de la historia.&nbsp;<\/p>\n\n\n\n<p>Cada fotograma parece ser una pieza cuidadosamente colocada en un rompecabezas narrativo que promete mantener la atenci\u00f3n y la emoci\u00f3n desde el primer momento hasta el \u00faltimo cr\u00e9dito.<\/p>\n\n\n\n<p>Fuente:<a href=\"https:\/\/www.milenio.com\/espectaculos\/cine\/selena-gomez-estrena-trailer-de-emilia-perez\" data-type=\"link\" data-id=\"https:\/\/www.milenio.com\/espectaculos\/cine\/selena-gomez-estrena-trailer-de-emilia-perez\"> El Universal<\/a><\/p>\n\n\n\n<p><\/p>\n","protected":false},"excerpt":{"rendered":"<p>La espera ha concluido para los seguidores de Selena G\u00f3mez, con el lanzamiento del esperado tr\u00e1iler de &#8220;Emilia P\u00e9rez&#8221;, la \u00faltima obra de Jacques Audiard que arras\u00f3 en el Festival de Cannes. \u00a0Esta singular fusi\u00f3n entre comedia musical y thriller dram\u00e1tico promete cautivar a audiencias con su intrigante premisa y un elenco estelar encabezado por [&hellip;]<\/p>\n","protected":false},"author":35,"featured_media":150063,"comment_status":"open","ping_status":"open","sticky":false,"template":"","format":"standard","meta":{"_monsterinsights_skip_tracking":false,"_monsterinsights_sitenote_active":false,"_monsterinsights_sitenote_note":"","_monsterinsights_sitenote_category":0,"footnotes":""},"categories":[576],"tags":[30067,30290,126],"class_list":["post-152394","post","type-post","status-publish","format-standard","has-post-thumbnail","hentry","category-ocio","tag-emilia-perez","tag-karla-sofia","tag-selena-gomez","wp-image-borders"],"amp_enabled":true,"_links":{"self":[{"href":"https:\/\/nvnoticias.mx\/index.php\/wp-json\/wp\/v2\/posts\/152394","targetHints":{"allow":["GET"]}}],"collection":[{"href":"https:\/\/nvnoticias.mx\/index.php\/wp-json\/wp\/v2\/posts"}],"about":[{"href":"https:\/\/nvnoticias.mx\/index.php\/wp-json\/wp\/v2\/types\/post"}],"author":[{"embeddable":true,"href":"https:\/\/nvnoticias.mx\/index.php\/wp-json\/wp\/v2\/users\/35"}],"replies":[{"embeddable":true,"href":"https:\/\/nvnoticias.mx\/index.php\/wp-json\/wp\/v2\/comments?post=152394"}],"version-history":[{"count":1,"href":"https:\/\/nvnoticias.mx\/index.php\/wp-json\/wp\/v2\/posts\/152394\/revisions"}],"predecessor-version":[{"id":152395,"href":"https:\/\/nvnoticias.mx\/index.php\/wp-json\/wp\/v2\/posts\/152394\/revisions\/152395"}],"wp:featuredmedia":[{"embeddable":true,"href":"https:\/\/nvnoticias.mx\/index.php\/wp-json\/wp\/v2\/media\/150063"}],"wp:attachment":[{"href":"https:\/\/nvnoticias.mx\/index.php\/wp-json\/wp\/v2\/media?parent=152394"}],"wp:term":[{"taxonomy":"category","embeddable":true,"href":"https:\/\/nvnoticias.mx\/index.php\/wp-json\/wp\/v2\/categories?post=152394"},{"taxonomy":"post_tag","embeddable":true,"href":"https:\/\/nvnoticias.mx\/index.php\/wp-json\/wp\/v2\/tags?post=152394"}],"curies":[{"name":"wp","href":"https:\/\/api.w.org\/{rel}","templated":true}]}}