{"id":152375,"date":"2024-06-19T13:09:12","date_gmt":"2024-06-19T19:09:12","guid":{"rendered":"https:\/\/nvnoticias.mx\/?p=152375"},"modified":"2024-06-19T13:09:14","modified_gmt":"2024-06-19T19:09:14","slug":"obispo-confia-que-nuevo-gobierno-atienda-problemas-de-agua-y-luz","status":"publish","type":"post","link":"https:\/\/nvnoticias.mx\/index.php\/2024\/06\/19\/obispo-confia-que-nuevo-gobierno-atienda-problemas-de-agua-y-luz\/","title":{"rendered":"Obispo conf\u00eda que nuevo gobierno atienda problemas de agua y luz"},"content":{"rendered":"\n<p><\/p>\n\n\n\n<p><strong>Jes\u00fas Utrilla \/ NV Noticias<\/strong><\/p>\n\n\n\n<p>La Iglesia Cat\u00f3lica exhort\u00f3 a quienes asistan al Carnaval de Veracruz 2024 a divertirse sanamente.  <\/p>\n\n\n\n<p>Carlos Brise\u00f1o Arch, obispo de la di\u00f3cesis de Veracruz, record\u00f3 que se trata de una fiesta del pueblo que puede disfrutarse sin incurrir en contratiempos.<\/p>\n\n\n\n<blockquote class=\"wp-block-quote is-layout-flow wp-block-quote-is-layout-flow\">\n<p><em>\u201cQue se cuiden, que vivan la fiesta con un sentido en el que disfruten y haya orden y respeto para los que participan\u201d.<\/em><\/p>\n<\/blockquote>\n\n\n\n<p>Por otro lado afirm\u00f3 que siguen con la instalaci\u00f3n de aires acondicionados y mantenimiento constante de la Catedral Nuestra Se\u00f1ora de la Asunci\u00f3n. <\/p>\n\n\n\n<p>Record\u00f3 que se trata de un edificio antiguo que constantemente necesita pintura y otras atenciones.<\/p>\n\n\n\n<blockquote class=\"wp-block-quote is-layout-flow wp-block-quote-is-layout-flow\">\n<p><em>\u201cEstamos trabajando en eso aunque hemos tenido un poco de problemas con los aires. Eso va a dependen de los que trabajan. Se espera darle un retoque a la Catedral. Es un edificio antiguo y constantemente necesita atenderse\u201d.<\/em><\/p>\n<\/blockquote>\n\n\n\n<p>Finalmente confi\u00f3 en que los nuevos gobiernos atiendan aspectos relacionados con la inseguridad en el pa\u00eds, ya que se trata de un reclamo generalizado.<\/p>\n","protected":false},"excerpt":{"rendered":"<p>Jes\u00fas Utrilla \/ NV Noticias La Iglesia Cat\u00f3lica exhort\u00f3 a quienes asistan al Carnaval de Veracruz 2024 a divertirse sanamente. Carlos Brise\u00f1o Arch, obispo de la di\u00f3cesis de Veracruz, record\u00f3 que se trata de una fiesta del pueblo que puede disfrutarse sin incurrir en contratiempos. \u201cQue se cuiden, que vivan la fiesta con un sentido [&hellip;]<\/p>\n","protected":false},"author":8,"featured_media":152377,"comment_status":"open","ping_status":"open","sticky":false,"template":"","format":"standard","meta":{"_monsterinsights_skip_tracking":false,"_monsterinsights_sitenote_active":false,"_monsterinsights_sitenote_note":"","_monsterinsights_sitenote_category":0,"footnotes":""},"categories":[154],"tags":[1833,731],"class_list":["post-152375","post","type-post","status-publish","format-standard","has-post-thumbnail","hentry","category-veracruz","tag-carlos-briseno-arch","tag-obispo","wp-image-borders"],"amp_enabled":true,"_links":{"self":[{"href":"https:\/\/nvnoticias.mx\/index.php\/wp-json\/wp\/v2\/posts\/152375","targetHints":{"allow":["GET"]}}],"collection":[{"href":"https:\/\/nvnoticias.mx\/index.php\/wp-json\/wp\/v2\/posts"}],"about":[{"href":"https:\/\/nvnoticias.mx\/index.php\/wp-json\/wp\/v2\/types\/post"}],"author":[{"embeddable":true,"href":"https:\/\/nvnoticias.mx\/index.php\/wp-json\/wp\/v2\/users\/8"}],"replies":[{"embeddable":true,"href":"https:\/\/nvnoticias.mx\/index.php\/wp-json\/wp\/v2\/comments?post=152375"}],"version-history":[{"count":1,"href":"https:\/\/nvnoticias.mx\/index.php\/wp-json\/wp\/v2\/posts\/152375\/revisions"}],"predecessor-version":[{"id":152378,"href":"https:\/\/nvnoticias.mx\/index.php\/wp-json\/wp\/v2\/posts\/152375\/revisions\/152378"}],"wp:featuredmedia":[{"embeddable":true,"href":"https:\/\/nvnoticias.mx\/index.php\/wp-json\/wp\/v2\/media\/152377"}],"wp:attachment":[{"href":"https:\/\/nvnoticias.mx\/index.php\/wp-json\/wp\/v2\/media?parent=152375"}],"wp:term":[{"taxonomy":"category","embeddable":true,"href":"https:\/\/nvnoticias.mx\/index.php\/wp-json\/wp\/v2\/categories?post=152375"},{"taxonomy":"post_tag","embeddable":true,"href":"https:\/\/nvnoticias.mx\/index.php\/wp-json\/wp\/v2\/tags?post=152375"}],"curies":[{"name":"wp","href":"https:\/\/api.w.org\/{rel}","templated":true}]}}