{"id":152368,"date":"2024-06-19T12:58:25","date_gmt":"2024-06-19T18:58:25","guid":{"rendered":"https:\/\/nvnoticias.mx\/?p=152368"},"modified":"2024-06-19T13:11:46","modified_gmt":"2024-06-19T19:11:46","slug":"asegura-sheinbaum-que-reforma-al-poder-judicial-no-tiene-el-objetivo-de-representar-autoritarismo-sino-procurar-justicia","status":"publish","type":"post","link":"https:\/\/nvnoticias.mx\/index.php\/2024\/06\/19\/asegura-sheinbaum-que-reforma-al-poder-judicial-no-tiene-el-objetivo-de-representar-autoritarismo-sino-procurar-justicia\/","title":{"rendered":"Asegura Sheinbaum que reforma al Poder Judicial no tiene el objetivo de representar autoritarismo sino procurar justicia"},"content":{"rendered":"\n<p>La\u00a0<strong>virtual presidenta electa\u00a0Claudia Sheinbaum<\/strong>\u00a0asegur\u00f3 que la\u00a0<strong>reforma al Poder Judicial<\/strong>\u00a0no tiene el objetivo de representar\u00a0<strong>autoritarismo<\/strong>\u00a0o una concentraci\u00f3n del poder sino que\u00a0<strong>procure justicia<\/strong>.<\/p>\n\n\n\n<blockquote class=\"wp-block-quote is-layout-flow wp-block-quote-is-layout-flow\">\n<p>&#8220;De ninguna manera esta reforma va a representar autoritarismos, una concentraci\u00f3n del poder. Ese no es el objetivo. De hecho, el objetivo es que el Poder Judicial tenga su autonom\u00eda, m\u00e1s autonom\u00eda posible, y que tenga la posibilidad pues de representar realmente un Poder Judicial que procure la justicia junto con las Fiscal\u00edas en el caso en donde las Fiscal\u00edas intervienen&#8221;.<\/p>\n<\/blockquote>\n\n\n\n<p>Lo anterior al ser cuestionada por el empresario Rolando Vega S\u00e1enz al expresar que la reforma del Poder Judicial \u201cponer en riesgo la capacidad t\u00e9cnica, imparcialidad e independencia\u201d de la Suprema Corte de Justicia de la Naci\u00f3n (SCJN).<\/p>\n\n\n\n<blockquote class=\"wp-block-quote is-layout-flow wp-block-quote-is-layout-flow\">\n<p>\u201cComo hemos comentado anteriormente con usted (&#8230;), tambi\u00e9n nos preocupan las reformas al sistema electoral y a los \u00f3rganos reguladores. Entendemos el origen de estas propuestas, sin embargo, no parecen resolver el problema que les dieron origen\u201d, declar\u00f3.<\/p>\n<\/blockquote>\n\n\n\n<p>En respuesta, Sheinbaum aclar\u00f3 que la reforma no tiene otro objetivo sino dar mayor justicia al pueblo de M\u00e9xico, y que si bien hay una mayor\u00eda por el partido Morena en la C\u00e1mara de Diputados y Senado debe haber di\u00e1logo en torno a esta reforma.<\/p>\n\n\n\n<blockquote class=\"wp-block-quote is-layout-flow wp-block-quote-is-layout-flow\">\n<p>&#8220;El objetivo no es, y adem\u00e1s, f\u00edjense, tantos a\u00f1os en mi caso que luch\u00e9 por la democracia en M\u00e9xico, que llegando a Presidenta lo que quisiera es concentrar el Poder Judicial. No se trata de eso. M\u00e9xico es plural, es diverso. S\u00ed hay una mayor\u00eda, evidentemente, que se mostr\u00f3 en esta elecci\u00f3n y que tiene que respetarse esa voluntad, pero eso no quiere decir que no haya di\u00e1logo, y tampoco quiere decir que eso signifique concentraci\u00f3n del poder, ni mucho menos. No es, de ninguna manera, el objetivo&#8221;.<\/p>\n<\/blockquote>\n\n\n\n<p>Agreg\u00f3: &#8220;Habr\u00e1 cosas en las que a lo mejor no estamos de acuerdo y no pasan, esa es la democracia en M\u00e9xico. Mientras pongamos tambi\u00e9n al frente en lo que s\u00ed estamos de acuerdo y c\u00f3mo podemos seguir desarrollando en nuestro pa\u00eds&#8221;.<\/p>\n\n\n\n<p>Fuente: <a href=\"https:\/\/www.eluniversal.com.mx\/nacion\/sheinbaum-asegura-que-reforma-al-poder-judicial-no-tiene-el-objetivo-de-representar-autoritarismo-sino-procurar-justicia\/\" data-type=\"link\" data-id=\"https:\/\/www.eluniversal.com.mx\/nacion\/sheinbaum-asegura-que-reforma-al-poder-judicial-no-tiene-el-objetivo-de-representar-autoritarismo-sino-procurar-justicia\/\">El Universal<\/a><\/p>\n","protected":false},"excerpt":{"rendered":"<p>La\u00a0virtual presidenta electa\u00a0Claudia Sheinbaum\u00a0asegur\u00f3 que la\u00a0reforma al Poder Judicial\u00a0no tiene el objetivo de representar\u00a0autoritarismo\u00a0o una concentraci\u00f3n del poder sino que\u00a0procure justicia. &#8220;De ninguna manera esta reforma va a representar autoritarismos, una concentraci\u00f3n del poder. Ese no es el objetivo. De hecho, el objetivo es que el Poder Judicial tenga su autonom\u00eda, m\u00e1s autonom\u00eda posible, y [&hellip;]<\/p>\n","protected":false},"author":35,"featured_media":141107,"comment_status":"open","ping_status":"open","sticky":false,"template":"","format":"standard","meta":{"_monsterinsights_skip_tracking":false,"_monsterinsights_sitenote_active":false,"_monsterinsights_sitenote_note":"","_monsterinsights_sitenote_category":0,"footnotes":""},"categories":[158],"tags":[2801,2321,162],"class_list":["post-152368","post","type-post","status-publish","format-standard","has-post-thumbnail","hentry","category-politica","tag-claudia-sheinbaum","tag-poder-judicial","tag-portada","wp-image-borders"],"amp_enabled":true,"_links":{"self":[{"href":"https:\/\/nvnoticias.mx\/index.php\/wp-json\/wp\/v2\/posts\/152368","targetHints":{"allow":["GET"]}}],"collection":[{"href":"https:\/\/nvnoticias.mx\/index.php\/wp-json\/wp\/v2\/posts"}],"about":[{"href":"https:\/\/nvnoticias.mx\/index.php\/wp-json\/wp\/v2\/types\/post"}],"author":[{"embeddable":true,"href":"https:\/\/nvnoticias.mx\/index.php\/wp-json\/wp\/v2\/users\/35"}],"replies":[{"embeddable":true,"href":"https:\/\/nvnoticias.mx\/index.php\/wp-json\/wp\/v2\/comments?post=152368"}],"version-history":[{"count":1,"href":"https:\/\/nvnoticias.mx\/index.php\/wp-json\/wp\/v2\/posts\/152368\/revisions"}],"predecessor-version":[{"id":152369,"href":"https:\/\/nvnoticias.mx\/index.php\/wp-json\/wp\/v2\/posts\/152368\/revisions\/152369"}],"wp:featuredmedia":[{"embeddable":true,"href":"https:\/\/nvnoticias.mx\/index.php\/wp-json\/wp\/v2\/media\/141107"}],"wp:attachment":[{"href":"https:\/\/nvnoticias.mx\/index.php\/wp-json\/wp\/v2\/media?parent=152368"}],"wp:term":[{"taxonomy":"category","embeddable":true,"href":"https:\/\/nvnoticias.mx\/index.php\/wp-json\/wp\/v2\/categories?post=152368"},{"taxonomy":"post_tag","embeddable":true,"href":"https:\/\/nvnoticias.mx\/index.php\/wp-json\/wp\/v2\/tags?post=152368"}],"curies":[{"name":"wp","href":"https:\/\/api.w.org\/{rel}","templated":true}]}}