{"id":152356,"date":"2024-06-19T12:03:21","date_gmt":"2024-06-19T18:03:21","guid":{"rendered":"https:\/\/nvnoticias.mx\/?p=152356"},"modified":"2024-06-19T12:03:22","modified_gmt":"2024-06-19T18:03:22","slug":"claudia-sheinbaum-va-a-ser-de-las-mejores-gobernantes-del-mundo-amlo","status":"publish","type":"post","link":"https:\/\/nvnoticias.mx\/index.php\/2024\/06\/19\/claudia-sheinbaum-va-a-ser-de-las-mejores-gobernantes-del-mundo-amlo\/","title":{"rendered":"Claudia Sheinbaum va a ser de las mejores gobernantes del mundo: AMLO"},"content":{"rendered":"\n<p>Al destacar otra vez la figura de Claudia Sheinbaum, el presidente Andr\u00e9s Manuel L\u00f3pez Obrador asegur\u00f3 que la virtual presidenta electa de M\u00e9xico va a ser de las mejores gobernantes del mundo.<\/p>\n\n\n\n<p>En su conferencia ma\u00f1anera de este mi\u00e9rcoles 19 de junio en Palacio Nacional, L\u00f3pez Obrador declar\u00f3 que Sheinbaum \u201cno tiene toda la responsabilidad y mucho menos es culpable\u201d del colapso en la L\u00ednea 12 del Metro.<\/p>\n\n\n\n<blockquote class=\"wp-block-quote is-layout-flow wp-block-quote-is-layout-flow\">\n<p>\u201cClaudia es excepcional (&#8230;) es lo mejor, lo mejor de lo mejor, mujer, ya de por si las mujeres son m\u00e1s inteligentes, m\u00e1s decididas, m\u00e1s trabajadoras, y algo muy importante, m\u00e1s honestas que los hombres y lo puedo probar.<\/p>\n<\/blockquote>\n\n\n\n<blockquote class=\"wp-block-quote is-layout-flow wp-block-quote-is-layout-flow\">\n<p>\u201cPero agr\u00e9guenle que se trata de una mujer con un elevado nivel acad\u00e9mico, doctora, bien preparada a diferencia de los t\u00e9cnicos y cient\u00edficos que tienen buen nivel acad\u00e9mico, ella tiene un a\u00f1adido que es fundamental, el humanismo (&#8230;)\u201d, expres\u00f3 L\u00f3pez Obrador.<\/p>\n<\/blockquote>\n\n\n\n<blockquote class=\"wp-block-quote is-layout-flow wp-block-quote-is-layout-flow\">\n<p>\u201cLuego, experiencia; luego, honestidad, no hay. Estamos hablando de que va a ser de las tres, no m\u00e1s, mejores gobernantes del mundo, porque lo tengo que decir as\u00ed, puede parecer exagerado, pero con qui\u00e9n se compara, a ver, ah\u00ed se los dejo de tarea, con qui\u00e9n la comparan en Am\u00e9rica, con qui\u00e9n la comparan en Asia, con qui\u00e9n la comparan en Europa, veanlo, ah\u00ed se los dejo de tarea.<\/p>\n<\/blockquote>\n\n\n\n<blockquote class=\"wp-block-quote is-layout-flow wp-block-quote-is-layout-flow\">\n<p>\u201cNo estamos hablando de una gobernante m\u00e1s, estamos hablando de una gran dirigente, todo esto gracias al pueblo de M\u00e9xico que es mucha pieza\u201d, agreg\u00f3 L\u00f3pez Obrador.<\/p>\n<\/blockquote>\n\n\n\n<p>L\u00f3pez Obrador asegur\u00f3 que \u201cno est\u00e1 interviniendo en nada\u201d, \u201cpor principios\u201d y porque \u201cella no lo permitir\u00eda\u201d.<\/p>\n\n\n\n<blockquote class=\"wp-block-quote is-layout-flow wp-block-quote-is-layout-flow\">\n<p>\u201cYo me voy contento despu\u00e9s de lo que hicimos millones de mexicanos, porque eso hay que tenerlo muy presente, esto tambi\u00e9n fue un triunfo de todo un pueblo, y fue algo que se fue gestando desde hace mucho tiempo (&#8230;)\u201d, expres\u00f3.<\/p>\n<\/blockquote>\n\n\n\n<p>Fuente: El <a href=\"https:\/\/www.eluniversal.com.mx\/nacion\/amlo-puede-parecer-exagerado-pero-claudia-sheinbaum-va-a-ser-de-las-mejores-gobernantes-del-mundo\/\" data-type=\"link\" data-id=\"https:\/\/www.eluniversal.com.mx\/nacion\/amlo-puede-parecer-exagerado-pero-claudia-sheinbaum-va-a-ser-de-las-mejores-gobernantes-del-mundo\/\">Universal<\/a><\/p>\n\n\n\n<p><br><\/p>\n","protected":false},"excerpt":{"rendered":"<p>Al destacar otra vez la figura de Claudia Sheinbaum, el presidente Andr\u00e9s Manuel L\u00f3pez Obrador asegur\u00f3 que la virtual presidenta electa de M\u00e9xico va a ser de las mejores gobernantes del mundo. En su conferencia ma\u00f1anera de este mi\u00e9rcoles 19 de junio en Palacio Nacional, L\u00f3pez Obrador declar\u00f3 que Sheinbaum \u201cno tiene toda la responsabilidad [&hellip;]<\/p>\n","protected":false},"author":35,"featured_media":152358,"comment_status":"open","ping_status":"open","sticky":false,"template":"","format":"standard","meta":{"_monsterinsights_skip_tracking":false,"_monsterinsights_sitenote_active":false,"_monsterinsights_sitenote_note":"","_monsterinsights_sitenote_category":0,"footnotes":""},"categories":[158],"tags":[188,2801],"class_list":["post-152356","post","type-post","status-publish","format-standard","has-post-thumbnail","hentry","category-politica","tag-amlo","tag-claudia-sheinbaum","wp-image-borders"],"amp_enabled":true,"_links":{"self":[{"href":"https:\/\/nvnoticias.mx\/index.php\/wp-json\/wp\/v2\/posts\/152356","targetHints":{"allow":["GET"]}}],"collection":[{"href":"https:\/\/nvnoticias.mx\/index.php\/wp-json\/wp\/v2\/posts"}],"about":[{"href":"https:\/\/nvnoticias.mx\/index.php\/wp-json\/wp\/v2\/types\/post"}],"author":[{"embeddable":true,"href":"https:\/\/nvnoticias.mx\/index.php\/wp-json\/wp\/v2\/users\/35"}],"replies":[{"embeddable":true,"href":"https:\/\/nvnoticias.mx\/index.php\/wp-json\/wp\/v2\/comments?post=152356"}],"version-history":[{"count":2,"href":"https:\/\/nvnoticias.mx\/index.php\/wp-json\/wp\/v2\/posts\/152356\/revisions"}],"predecessor-version":[{"id":152359,"href":"https:\/\/nvnoticias.mx\/index.php\/wp-json\/wp\/v2\/posts\/152356\/revisions\/152359"}],"wp:featuredmedia":[{"embeddable":true,"href":"https:\/\/nvnoticias.mx\/index.php\/wp-json\/wp\/v2\/media\/152358"}],"wp:attachment":[{"href":"https:\/\/nvnoticias.mx\/index.php\/wp-json\/wp\/v2\/media?parent=152356"}],"wp:term":[{"taxonomy":"category","embeddable":true,"href":"https:\/\/nvnoticias.mx\/index.php\/wp-json\/wp\/v2\/categories?post=152356"},{"taxonomy":"post_tag","embeddable":true,"href":"https:\/\/nvnoticias.mx\/index.php\/wp-json\/wp\/v2\/tags?post=152356"}],"curies":[{"name":"wp","href":"https:\/\/api.w.org\/{rel}","templated":true}]}}