{"id":152333,"date":"2024-06-19T10:54:10","date_gmt":"2024-06-19T16:54:10","guid":{"rendered":"https:\/\/nvnoticias.mx\/?p=152333"},"modified":"2024-06-19T10:54:11","modified_gmt":"2024-06-19T16:54:11","slug":"cfe-se-prepara-para-impacto-de-alberto","status":"publish","type":"post","link":"https:\/\/nvnoticias.mx\/index.php\/2024\/06\/19\/cfe-se-prepara-para-impacto-de-alberto\/","title":{"rendered":"CFE se prepara para impacto de \u201cAlberto\u201d"},"content":{"rendered":"\n<p><\/p>\n\n\n\n<p><strong>Sam Ojeda \/ NV Noticias<\/strong><\/p>\n\n\n\n<p>Xalapa.- La Comisi\u00f3n Federal de Electricidad (CFE) inform\u00f3 que est\u00e1 preparada para atender las emergencias que pueda registrar el paso de la tormenta tropical \u201cAlberto\u201d por el estado de Veracruz.  <\/p>\n\n\n\n<p>La empresa indic\u00f3 que tienen como prioridad establecer los mecanismos para la toma de decisiones en caso de la afectaci\u00f3n al suministro el\u00e9ctrico ocasionado por este fen\u00f3meno pero tambi\u00e9n por sismos o cualquier otro fen\u00f3meno natural. <\/p>\n\n\n\n<p>Se\u00f1alan que se prev\u00e9 que el v\u00f3rtice del Cicl\u00f3n Tropical Uno toque tierra en los l\u00edmites de los municipios de Soto la Marina y Aldama del estado de Tamaulipas, durante la noche del mi\u00e9rcoles y la madrugada del jueves como Tormenta Tropical. <\/p>\n\n\n\n<p>Por ello se han reforzado los recursos humanos y materiales para atender las contingencias en las mejores condiciones de seguridad para el personal y la ciudadan\u00eda. <\/p>\n\n\n\n<p>Se han dispuesto mil 508 trabajadores electricistas, 309 gr\u00faas, 445 veh\u00edculos, 45 plantas de emergencia, 44 torres de iluminaci\u00f3n, 11 veh\u00edculos todo terreno y 5 helic\u00f3pteros, ubicados en puntos estrat\u00e9gicos para atender las afectaciones que pudieran presentarse en los estados de Nuevo Le\u00f3n, Tamaulipas y Veracruz. <\/p>\n\n\n\n<p>Lo anterior incluye el monitoreo permanente de la evoluci\u00f3n del fen\u00f3meno meteorol\u00f3gico, as\u00f3 como la identificaci\u00f3n   de   las   \u00e1reas   de   probable   impacto del fen\u00f3meno.<\/p>\n\n\n\n<p>Tambi\u00e9n la implementaci\u00f3n de los Centros de Operaci\u00f3n Estrat\u00e9gicos (COE) para toma de decisiones oportunas, posicionados en puntos clave del pa\u00eds.<\/p>\n\n\n\n<p>La identificaci\u00f3n de los usuarios cuyo servicio es fundamental para la comunidad (hospitales, gasolineras, sistemas de bombeo, antenas de comunicaci\u00f3n, etc.) para darle prioridad en la atenci\u00f3n. <\/p>\n\n\n\n<p>Y agrega que la CFE a trav\u00e9s del Sistema Nacional de Protecci\u00f3n Civil, est\u00e1 en plena coordinaci\u00f3n con la Secretar\u00eda de la Defensa Nacional, la Secretar\u00eda de Marina, Comisi\u00f3n Nacional del Agua, Secretar\u00eda de Salud, Protecci\u00f3n Civil, gobiernos estatales y municipales, para la atenci\u00f3n de la posible contingencia.<\/p>\n","protected":false},"excerpt":{"rendered":"<p>Sam Ojeda \/ NV Noticias Xalapa.- La Comisi\u00f3n Federal de Electricidad (CFE) inform\u00f3 que est\u00e1 preparada para atender las emergencias que pueda registrar el paso de la tormenta tropical \u201cAlberto\u201d por el estado de Veracruz. La empresa indic\u00f3 que tienen como prioridad establecer los mecanismos para la toma de decisiones en caso de la afectaci\u00f3n [&hellip;]<\/p>\n","protected":false},"author":8,"featured_media":152336,"comment_status":"open","ping_status":"open","sticky":false,"template":"","format":"standard","meta":{"_monsterinsights_skip_tracking":false,"_monsterinsights_sitenote_active":false,"_monsterinsights_sitenote_note":"","_monsterinsights_sitenote_category":0,"footnotes":""},"categories":[156],"tags":[821,30283,180],"class_list":["post-152333","post","type-post","status-publish","format-standard","has-post-thumbnail","hentry","category-estado","tag-cfe","tag-tormenta-tropical-alberto","tag-veracruz","wp-image-borders"],"amp_enabled":true,"_links":{"self":[{"href":"https:\/\/nvnoticias.mx\/index.php\/wp-json\/wp\/v2\/posts\/152333","targetHints":{"allow":["GET"]}}],"collection":[{"href":"https:\/\/nvnoticias.mx\/index.php\/wp-json\/wp\/v2\/posts"}],"about":[{"href":"https:\/\/nvnoticias.mx\/index.php\/wp-json\/wp\/v2\/types\/post"}],"author":[{"embeddable":true,"href":"https:\/\/nvnoticias.mx\/index.php\/wp-json\/wp\/v2\/users\/8"}],"replies":[{"embeddable":true,"href":"https:\/\/nvnoticias.mx\/index.php\/wp-json\/wp\/v2\/comments?post=152333"}],"version-history":[{"count":1,"href":"https:\/\/nvnoticias.mx\/index.php\/wp-json\/wp\/v2\/posts\/152333\/revisions"}],"predecessor-version":[{"id":152337,"href":"https:\/\/nvnoticias.mx\/index.php\/wp-json\/wp\/v2\/posts\/152333\/revisions\/152337"}],"wp:featuredmedia":[{"embeddable":true,"href":"https:\/\/nvnoticias.mx\/index.php\/wp-json\/wp\/v2\/media\/152336"}],"wp:attachment":[{"href":"https:\/\/nvnoticias.mx\/index.php\/wp-json\/wp\/v2\/media?parent=152333"}],"wp:term":[{"taxonomy":"category","embeddable":true,"href":"https:\/\/nvnoticias.mx\/index.php\/wp-json\/wp\/v2\/categories?post=152333"},{"taxonomy":"post_tag","embeddable":true,"href":"https:\/\/nvnoticias.mx\/index.php\/wp-json\/wp\/v2\/tags?post=152333"}],"curies":[{"name":"wp","href":"https:\/\/api.w.org\/{rel}","templated":true}]}}