{"id":152331,"date":"2024-06-19T10:43:33","date_gmt":"2024-06-19T16:43:33","guid":{"rendered":"https:\/\/nvnoticias.mx\/?p=152331"},"modified":"2024-06-19T10:44:29","modified_gmt":"2024-06-19T16:44:29","slug":"apagaran-en-ciudad-victoria-semaforos-para-evitar-danos-durante-el-paso-de-alberto","status":"publish","type":"post","link":"https:\/\/nvnoticias.mx\/index.php\/2024\/06\/19\/apagaran-en-ciudad-victoria-semaforos-para-evitar-danos-durante-el-paso-de-alberto\/","title":{"rendered":"Apagar\u00e1n en Ciudad Victoria sem\u00e1foros para evitar da\u00f1os durante el paso de Alberto"},"content":{"rendered":"\n<p>El&nbsp;cicl\u00f3n tropical Alberto, que esta ma\u00f1ana Conagua inform\u00f3 paso a ser&nbsp;Tormenta Tropical&nbsp;ha ingresado a territorio tamaulipeco, y las autoridades locales est\u00e1n tomando medidas preventivas para garantizar la seguridad de la poblaci\u00f3n.&nbsp;Jo\u00e9l Illoldi Reyes, Secretario Desarrollo Urbano y Medio Ambiente, hizo un llamado a la ciudadan\u00eda para que permanezca atenta a los avisos y alertas oficiales, especialmente en lo que respecta a las vialidades propensas a inundarse.<\/p>\n\n\n\n<p>Illoldi Reyes inform\u00f3 que, en caso de que la velocidad del&nbsp;viento supere los 70 kil\u00f3metros&nbsp;por hora,&nbsp;se apagar\u00e1n los 97 sem\u00e1foros&nbsp;de la ciudad como medida de seguridad. Adem\u00e1s, mencion\u00f3 que se instalar\u00e1n 57 nuevos sem\u00e1foros en la zona centro y en el libramiento Naciones Unidas, mejorando la infraestructura vial para enfrentar futuras contingencias.<\/p>\n\n\n\n<p>El Atlas de Riesgo actual identifica seis zonas susceptibles a inundaciones, destacando particularmente la parte de la cordillera de la sierra en la zona suroeste y oeste de la capital. Sin embargo, el secretario advirti\u00f3 que el nuevo Atlas de Riesgo a\u00fan no est\u00e1 elaborado, por lo que inst\u00f3 a la poblaci\u00f3n a evacuar sus viviendas si las autoridades lo consideran necesario.<\/p>\n\n\n\n<p>Las autoridades municipales reiteran la importancia de seguir las indicaciones de los organismos de protecci\u00f3n civil y de estar preparados para posibles evacuaciones. La seguridad de la ciudadan\u00eda es la prioridad, y las medidas tomadas buscan minimizar los riesgos asociados con la tormenta Alberto.<\/p>\n\n\n\n<p>Fuente: El <a href=\"https:\/\/www.eluniversal.com.mx\/estados\/en-ciudad-victoria-tamaulipas-apagaran-semaforos-para-evitar-danos-durante-el-paso-de-alberto\/\" data-type=\"link\" data-id=\"https:\/\/www.eluniversal.com.mx\/estados\/en-ciudad-victoria-tamaulipas-apagaran-semaforos-para-evitar-danos-durante-el-paso-de-alberto\/\">Universal<\/a><br><br><\/p>\n","protected":false},"excerpt":{"rendered":"<p>El&nbsp;cicl\u00f3n tropical Alberto, que esta ma\u00f1ana Conagua inform\u00f3 paso a ser&nbsp;Tormenta Tropical&nbsp;ha ingresado a territorio tamaulipeco, y las autoridades locales est\u00e1n tomando medidas preventivas para garantizar la seguridad de la poblaci\u00f3n.&nbsp;Jo\u00e9l Illoldi Reyes, Secretario Desarrollo Urbano y Medio Ambiente, hizo un llamado a la ciudadan\u00eda para que permanezca atenta a los avisos y alertas oficiales, [&hellip;]<\/p>\n","protected":false},"author":35,"featured_media":18068,"comment_status":"open","ping_status":"open","sticky":false,"template":"","format":"standard","meta":{"_monsterinsights_skip_tracking":false,"_monsterinsights_sitenote_active":false,"_monsterinsights_sitenote_note":"","_monsterinsights_sitenote_category":0,"footnotes":""},"categories":[157],"tags":[8675,4649],"class_list":["post-152331","post","type-post","status-publish","format-standard","has-post-thumbnail","hentry","category-nacional","tag-ciudad-victoria","tag-tormenta-tropical","wp-image-borders"],"amp_enabled":true,"_links":{"self":[{"href":"https:\/\/nvnoticias.mx\/index.php\/wp-json\/wp\/v2\/posts\/152331","targetHints":{"allow":["GET"]}}],"collection":[{"href":"https:\/\/nvnoticias.mx\/index.php\/wp-json\/wp\/v2\/posts"}],"about":[{"href":"https:\/\/nvnoticias.mx\/index.php\/wp-json\/wp\/v2\/types\/post"}],"author":[{"embeddable":true,"href":"https:\/\/nvnoticias.mx\/index.php\/wp-json\/wp\/v2\/users\/35"}],"replies":[{"embeddable":true,"href":"https:\/\/nvnoticias.mx\/index.php\/wp-json\/wp\/v2\/comments?post=152331"}],"version-history":[{"count":1,"href":"https:\/\/nvnoticias.mx\/index.php\/wp-json\/wp\/v2\/posts\/152331\/revisions"}],"predecessor-version":[{"id":152332,"href":"https:\/\/nvnoticias.mx\/index.php\/wp-json\/wp\/v2\/posts\/152331\/revisions\/152332"}],"wp:featuredmedia":[{"embeddable":true,"href":"https:\/\/nvnoticias.mx\/index.php\/wp-json\/wp\/v2\/media\/18068"}],"wp:attachment":[{"href":"https:\/\/nvnoticias.mx\/index.php\/wp-json\/wp\/v2\/media?parent=152331"}],"wp:term":[{"taxonomy":"category","embeddable":true,"href":"https:\/\/nvnoticias.mx\/index.php\/wp-json\/wp\/v2\/categories?post=152331"},{"taxonomy":"post_tag","embeddable":true,"href":"https:\/\/nvnoticias.mx\/index.php\/wp-json\/wp\/v2\/tags?post=152331"}],"curies":[{"name":"wp","href":"https:\/\/api.w.org\/{rel}","templated":true}]}}