{"id":152226,"date":"2024-06-18T09:47:48","date_gmt":"2024-06-18T15:47:48","guid":{"rendered":"https:\/\/nvnoticias.mx\/?p=152226"},"modified":"2024-06-18T09:47:49","modified_gmt":"2024-06-18T15:47:49","slug":"iran-condena-a-un-ano-de-carcel-a-narges-mohamadi","status":"publish","type":"post","link":"https:\/\/nvnoticias.mx\/index.php\/2024\/06\/18\/iran-condena-a-un-ano-de-carcel-a-narges-mohamadi\/","title":{"rendered":"Ir\u00e1n condena a un a\u00f1o de c\u00e1rcel a Narges Mohamadi"},"content":{"rendered":"\n<p>La activista iran\u00ed por los derechos de las mujeres Narges Mohamadi, ganadora del Premio Nobel de la Paz 2023 y ya encarcelada en su pa\u00eds, fue condenada a un a\u00f1o de prisi\u00f3n por &#8220;propaganda contra el Estado&#8221;, anunci\u00f3 el martes su abogado en X.<\/p>\n\n\n\n<p>&#8220;Seg\u00fan el veredicto de la 29\u00aa Sala del Tribunal Revolucionario de Teher\u00e1n, Narges Mohamadi fue condenada a un a\u00f1o de prisi\u00f3n por propaganda contra el Estado&#8221;, indic\u00f3 Mostafa Nili.<\/p>\n\n\n\n<p>La activista, de 52 a\u00f1os y encarcelada desde noviembre de 2021, ha sido condenada y encarcelada en numerosas ocasiones durante 25 a\u00f1os por su compromiso contra el velo obligatorio para las mujeres y contra la pena de muerte.<\/p>\n\n\n\n<p>Se hab\u00eda negado a asistir a la audiencia de su nuevo juicio el 8 de junio, despu\u00e9s de haber solicitado, sin \u00e9xito, que se abriera al p\u00fablico.<\/p>\n\n\n\n<p>El abogado Nili explic\u00f3 que su clienta hab\u00eda sido juzgada por &#8220;sus declaraciones sobre Dina Ghalibaf (periodista y estudiante iran\u00ed que hab\u00eda acusado a la polic\u00eda de agresi\u00f3n sexual), y sobre el boicot de las legislativas&#8221; celebradas en marzo en Ir\u00e1n.<\/p>\n\n\n\n<p>Fuente: El <a href=\"https:\/\/www.eluniversal.com.mx\/mundo\/iran-condena-a-un-ano-de-carcel-a-narges-mohamadi-premio-nobel-de-la-paz-ahora-por-propaganda\/\" data-type=\"link\" data-id=\"https:\/\/www.eluniversal.com.mx\/mundo\/iran-condena-a-un-ano-de-carcel-a-narges-mohamadi-premio-nobel-de-la-paz-ahora-por-propaganda\/\">Universal<\/a><br><\/p>\n","protected":false},"excerpt":{"rendered":"<p>La activista iran\u00ed por los derechos de las mujeres Narges Mohamadi, ganadora del Premio Nobel de la Paz 2023 y ya encarcelada en su pa\u00eds, fue condenada a un a\u00f1o de prisi\u00f3n por &#8220;propaganda contra el Estado&#8221;, anunci\u00f3 el martes su abogado en X. &#8220;Seg\u00fan el veredicto de la 29\u00aa Sala del Tribunal Revolucionario de [&hellip;]<\/p>\n","protected":false},"author":35,"featured_media":123939,"comment_status":"open","ping_status":"open","sticky":false,"template":"","format":"standard","meta":{"_monsterinsights_skip_tracking":false,"_monsterinsights_sitenote_active":false,"_monsterinsights_sitenote_note":"","_monsterinsights_sitenote_category":0,"footnotes":""},"categories":[181],"tags":[5665,27681],"class_list":["post-152226","post","type-post","status-publish","format-standard","has-post-thumbnail","hentry","category-internacional","tag-iran","tag-narges-mohammadi","wp-image-borders"],"amp_enabled":true,"_links":{"self":[{"href":"https:\/\/nvnoticias.mx\/index.php\/wp-json\/wp\/v2\/posts\/152226","targetHints":{"allow":["GET"]}}],"collection":[{"href":"https:\/\/nvnoticias.mx\/index.php\/wp-json\/wp\/v2\/posts"}],"about":[{"href":"https:\/\/nvnoticias.mx\/index.php\/wp-json\/wp\/v2\/types\/post"}],"author":[{"embeddable":true,"href":"https:\/\/nvnoticias.mx\/index.php\/wp-json\/wp\/v2\/users\/35"}],"replies":[{"embeddable":true,"href":"https:\/\/nvnoticias.mx\/index.php\/wp-json\/wp\/v2\/comments?post=152226"}],"version-history":[{"count":1,"href":"https:\/\/nvnoticias.mx\/index.php\/wp-json\/wp\/v2\/posts\/152226\/revisions"}],"predecessor-version":[{"id":152227,"href":"https:\/\/nvnoticias.mx\/index.php\/wp-json\/wp\/v2\/posts\/152226\/revisions\/152227"}],"wp:featuredmedia":[{"embeddable":true,"href":"https:\/\/nvnoticias.mx\/index.php\/wp-json\/wp\/v2\/media\/123939"}],"wp:attachment":[{"href":"https:\/\/nvnoticias.mx\/index.php\/wp-json\/wp\/v2\/media?parent=152226"}],"wp:term":[{"taxonomy":"category","embeddable":true,"href":"https:\/\/nvnoticias.mx\/index.php\/wp-json\/wp\/v2\/categories?post=152226"},{"taxonomy":"post_tag","embeddable":true,"href":"https:\/\/nvnoticias.mx\/index.php\/wp-json\/wp\/v2\/tags?post=152226"}],"curies":[{"name":"wp","href":"https:\/\/api.w.org\/{rel}","templated":true}]}}