{"id":152221,"date":"2024-06-18T09:38:46","date_gmt":"2024-06-18T15:38:46","guid":{"rendered":"https:\/\/nvnoticias.mx\/?p=152221"},"modified":"2024-06-18T09:38:48","modified_gmt":"2024-06-18T15:38:48","slug":"mujeres-afganas-son-victimas-de-crimenes-de-lesa-humanidad-perpetrados-por-los-talibanes-onu","status":"publish","type":"post","link":"https:\/\/nvnoticias.mx\/index.php\/2024\/06\/18\/mujeres-afganas-son-victimas-de-crimenes-de-lesa-humanidad-perpetrados-por-los-talibanes-onu\/","title":{"rendered":"Mujeres afganas son v\u00edctimas de cr\u00edmenes de lesa humanidad perpetrados por los talibanes: ONU"},"content":{"rendered":"\n<p>El relator de la ONU sobre los derechos humanos en Afganist\u00e1n, Richard Bennett, afirm\u00f3 este martes que los talibanes pueden estar cometiendo cr\u00edmenes de lesa humanidad contra las mujeres y ni\u00f1as afganas, en particular el crimen de persecuci\u00f3n por razones de g\u00e9nero.<\/p>\n\n\n\n<p>&#8220;En mis consultas con supervivientes de Afganist\u00e1n, en particular mujeres, ellos enfatizan que lo que describe sus experiencias puede denominarse un apartheid de g\u00e9nero y reclaman que se reconozca esto como un crimen de lesa humanidad&#8221;, recalc\u00f3 el experto en la presentaci\u00f3n de un nuevo informe al Consejo de Derechos Humanos de Naciones Unidas.<\/p>\n\n\n\n<p>Sostuvo que hay una responsabilidad colectiva -incluso de la comunidad internacional- en desmantelar ese horrendo sistema y para que los responsables sean sancionados por la justicia.<\/p>\n\n\n\n<p>Fuente: El <a href=\"https:\/\/www.eluniversal.com.mx\/mundo\/mujeres-afganas-son-victimas-de-crimenes-de-lesa-humanidad-perpetrados-por-los-talibanes-onu\/\" data-type=\"link\" data-id=\"https:\/\/www.eluniversal.com.mx\/mundo\/mujeres-afganas-son-victimas-de-crimenes-de-lesa-humanidad-perpetrados-por-los-talibanes-onu\/\">Universal<\/a><br><\/p>\n","protected":false},"excerpt":{"rendered":"<p>El relator de la ONU sobre los derechos humanos en Afganist\u00e1n, Richard Bennett, afirm\u00f3 este martes que los talibanes pueden estar cometiendo cr\u00edmenes de lesa humanidad contra las mujeres y ni\u00f1as afganas, en particular el crimen de persecuci\u00f3n por razones de g\u00e9nero. &#8220;En mis consultas con supervivientes de Afganist\u00e1n, en particular mujeres, ellos enfatizan que [&hellip;]<\/p>\n","protected":false},"author":35,"featured_media":21493,"comment_status":"open","ping_status":"open","sticky":false,"template":"","format":"standard","meta":{"_monsterinsights_skip_tracking":false,"_monsterinsights_sitenote_active":false,"_monsterinsights_sitenote_note":"","_monsterinsights_sitenote_category":0,"footnotes":""},"categories":[181],"tags":[2441,513],"class_list":["post-152221","post","type-post","status-publish","format-standard","has-post-thumbnail","hentry","category-internacional","tag-afganistan","tag-onu","wp-image-borders"],"amp_enabled":true,"_links":{"self":[{"href":"https:\/\/nvnoticias.mx\/index.php\/wp-json\/wp\/v2\/posts\/152221","targetHints":{"allow":["GET"]}}],"collection":[{"href":"https:\/\/nvnoticias.mx\/index.php\/wp-json\/wp\/v2\/posts"}],"about":[{"href":"https:\/\/nvnoticias.mx\/index.php\/wp-json\/wp\/v2\/types\/post"}],"author":[{"embeddable":true,"href":"https:\/\/nvnoticias.mx\/index.php\/wp-json\/wp\/v2\/users\/35"}],"replies":[{"embeddable":true,"href":"https:\/\/nvnoticias.mx\/index.php\/wp-json\/wp\/v2\/comments?post=152221"}],"version-history":[{"count":1,"href":"https:\/\/nvnoticias.mx\/index.php\/wp-json\/wp\/v2\/posts\/152221\/revisions"}],"predecessor-version":[{"id":152222,"href":"https:\/\/nvnoticias.mx\/index.php\/wp-json\/wp\/v2\/posts\/152221\/revisions\/152222"}],"wp:featuredmedia":[{"embeddable":true,"href":"https:\/\/nvnoticias.mx\/index.php\/wp-json\/wp\/v2\/media\/21493"}],"wp:attachment":[{"href":"https:\/\/nvnoticias.mx\/index.php\/wp-json\/wp\/v2\/media?parent=152221"}],"wp:term":[{"taxonomy":"category","embeddable":true,"href":"https:\/\/nvnoticias.mx\/index.php\/wp-json\/wp\/v2\/categories?post=152221"},{"taxonomy":"post_tag","embeddable":true,"href":"https:\/\/nvnoticias.mx\/index.php\/wp-json\/wp\/v2\/tags?post=152221"}],"curies":[{"name":"wp","href":"https:\/\/api.w.org\/{rel}","templated":true}]}}