{"id":152219,"date":"2024-06-18T09:34:59","date_gmt":"2024-06-18T15:34:59","guid":{"rendered":"https:\/\/nvnoticias.mx\/?p=152219"},"modified":"2024-06-18T09:35:01","modified_gmt":"2024-06-18T15:35:01","slug":"arremete-amlo-contra-el-fmi-por-senalar-que-economia-de-argentina-crecera-mas-que-la-de-mexico","status":"publish","type":"post","link":"https:\/\/nvnoticias.mx\/index.php\/2024\/06\/18\/arremete-amlo-contra-el-fmi-por-senalar-que-economia-de-argentina-crecera-mas-que-la-de-mexico\/","title":{"rendered":"Arremete AMLO contra el FMI por se\u00f1alar que econom\u00eda de Argentina crecer\u00e1 m\u00e1s que la de M\u00e9xico"},"content":{"rendered":"\n<p>El presidente Andr\u00e9s Manuel L\u00f3pez Obrador arremeti\u00f3 contra el Fondo Monetario Internacional (FMI) por se\u00f1alar que la econom\u00eda de Argentina crecer\u00e1 m\u00e1s que la de M\u00e9xico.<\/p>\n\n\n\n<p>&#8220;El FMI declar\u00f3 que va a crecer m\u00e1s Argentina que M\u00e9xico, cuando el FMI fue el causante del desastre econ\u00f3mico de Argentina y ahora como si nada se sit\u00faan como \u00e1rbitros, jueces, que deciden sobre lo que va a suceder al futuro\u201d, dijo L\u00f3pez Obrador en su conferencia ma\u00f1anera de este martes 18 de junio en Palacio Nacional.<\/p>\n\n\n\n<p>L\u00f3pez Obrador asegur\u00f3 que hay buenas relaciones con el Banco Mundial y con el FMI, pero la pol\u00edtica econ\u00f3mica mexicana es aut\u00f3noma basada en el modelo del \u201chumanismo mexicano\u201d con una \u201ceconom\u00eda moral\u201d.<\/p>\n\n\n\n<blockquote class=\"wp-block-quote is-layout-flow wp-block-quote-is-layout-flow\">\n<p>\u201cLes agradecemos mucho sus recomendaciones, pero aqu\u00ed se aplica a una agenda de acuerdo a la realidad de nuestro pa\u00eds. Porque ellos en su agenda, en el periodo neoliberal, no contemplaban el combate a la corrupci\u00f3n, combatir la pobreza, aumentar los salarios de los trabajadores, crear empleos, no\u201d, mencion\u00f3.<\/p>\n<\/blockquote>\n\n\n\n<blockquote class=\"wp-block-quote is-layout-flow wp-block-quote-is-layout-flow\">\n<p>\u201c\u00bfQu\u00e9 es lo que estaba en la agenda? Las privatizaciones, que se despojara al pueblo de M\u00e9xico bienes para trasladarlos a particulares, mantener congelados los salarios, el no permitir que crecieran las empresas p\u00fablicas, por eso muchas gracias por todas las buenas intenciones\u2026 pero preferimos respetarnos y actuar con autonom\u00eda\u201d, a\u00f1adi\u00f3.<\/p>\n<\/blockquote>\n\n\n\n<p>Destac\u00f3 que en el caso de la salud, los organismos financieros internacionales planteaban la privatizaci\u00f3n de los servicios m\u00e9dicos, el que se enfermara pagara y que el Estado incumpliera con su responsabilidad social.<\/p>\n\n\n\n<p>El presidente L\u00f3pez Obrador asegur\u00f3 que en su gobierno no se han aplicado esas recomendaciones y nos va bien porque crece la econom\u00eda, los salarios, los empleos y hay bienestar.<\/p>\n\n\n\n<blockquote class=\"wp-block-quote is-layout-flow wp-block-quote-is-layout-flow\">\n<p>\u201cY desde luego porque no se tiene un gobierno al servicio de una minor\u00eda, no se tiene un gobierno que auspicie la corrupci\u00f3n. No se tiene un gobierno con ostentaciones y derroche. En esencia, frente al proyecto neoliberal del FMI, con otro que se llama \u00b4humanismo mexicano con econom\u00eda moral\u00b4 y funciona mejor que el que impusieron durante 30 a\u00f1os y todav\u00eda quieren volver a reestablecerlos\u201d, dijo.<\/p>\n<\/blockquote>\n\n\n\n<p>Fuente: El <a href=\"https:\/\/www.eluniversal.com.mx\/nacion\/amlo-arremete-contra-el-fmi-por-senalar-que-economia-de-argentina-crecera-mas-que-la-de-mexico\/\" data-type=\"link\" data-id=\"https:\/\/www.eluniversal.com.mx\/nacion\/amlo-arremete-contra-el-fmi-por-senalar-que-economia-de-argentina-crecera-mas-que-la-de-mexico\/\">Universal<\/a><br><\/p>\n","protected":false},"excerpt":{"rendered":"<p>El presidente Andr\u00e9s Manuel L\u00f3pez Obrador arremeti\u00f3 contra el Fondo Monetario Internacional (FMI) por se\u00f1alar que la econom\u00eda de Argentina crecer\u00e1 m\u00e1s que la de M\u00e9xico. &#8220;El FMI declar\u00f3 que va a crecer m\u00e1s Argentina que M\u00e9xico, cuando el FMI fue el causante del desastre econ\u00f3mico de Argentina y ahora como si nada se sit\u00faan [&hellip;]<\/p>\n","protected":false},"author":35,"featured_media":28726,"comment_status":"open","ping_status":"open","sticky":false,"template":"","format":"standard","meta":{"_monsterinsights_skip_tracking":false,"_monsterinsights_sitenote_active":false,"_monsterinsights_sitenote_note":"","_monsterinsights_sitenote_category":0,"footnotes":""},"categories":[157],"tags":[188,259,737,162],"class_list":["post-152219","post","type-post","status-publish","format-standard","has-post-thumbnail","hentry","category-nacional","tag-amlo","tag-argentina","tag-fmi","tag-portada","wp-image-borders"],"amp_enabled":true,"_links":{"self":[{"href":"https:\/\/nvnoticias.mx\/index.php\/wp-json\/wp\/v2\/posts\/152219","targetHints":{"allow":["GET"]}}],"collection":[{"href":"https:\/\/nvnoticias.mx\/index.php\/wp-json\/wp\/v2\/posts"}],"about":[{"href":"https:\/\/nvnoticias.mx\/index.php\/wp-json\/wp\/v2\/types\/post"}],"author":[{"embeddable":true,"href":"https:\/\/nvnoticias.mx\/index.php\/wp-json\/wp\/v2\/users\/35"}],"replies":[{"embeddable":true,"href":"https:\/\/nvnoticias.mx\/index.php\/wp-json\/wp\/v2\/comments?post=152219"}],"version-history":[{"count":1,"href":"https:\/\/nvnoticias.mx\/index.php\/wp-json\/wp\/v2\/posts\/152219\/revisions"}],"predecessor-version":[{"id":152220,"href":"https:\/\/nvnoticias.mx\/index.php\/wp-json\/wp\/v2\/posts\/152219\/revisions\/152220"}],"wp:featuredmedia":[{"embeddable":true,"href":"https:\/\/nvnoticias.mx\/index.php\/wp-json\/wp\/v2\/media\/28726"}],"wp:attachment":[{"href":"https:\/\/nvnoticias.mx\/index.php\/wp-json\/wp\/v2\/media?parent=152219"}],"wp:term":[{"taxonomy":"category","embeddable":true,"href":"https:\/\/nvnoticias.mx\/index.php\/wp-json\/wp\/v2\/categories?post=152219"},{"taxonomy":"post_tag","embeddable":true,"href":"https:\/\/nvnoticias.mx\/index.php\/wp-json\/wp\/v2\/tags?post=152219"}],"curies":[{"name":"wp","href":"https:\/\/api.w.org\/{rel}","templated":true}]}}