{"id":152217,"date":"2024-06-18T09:30:13","date_gmt":"2024-06-18T15:30:13","guid":{"rendered":"https:\/\/nvnoticias.mx\/?p=152217"},"modified":"2024-06-18T09:30:15","modified_gmt":"2024-06-18T15:30:15","slug":"resultados-de-encuestas-sobre-reforma-al-poder-judicial-reflejan-que-la-gente-quiere-participar-amlo","status":"publish","type":"post","link":"https:\/\/nvnoticias.mx\/index.php\/2024\/06\/18\/resultados-de-encuestas-sobre-reforma-al-poder-judicial-reflejan-que-la-gente-quiere-participar-amlo\/","title":{"rendered":"Resultados de encuestas sobre reforma al Poder Judicial reflejan que la gente quiere participar: AMLO"},"content":{"rendered":"\n<p>El presidente Andr\u00e9s Manuel L\u00f3pez Obrador asegur\u00f3 que las encuestas presentadas por la virtual presidenta electa Claudia Sheinbaum, en las que 7 de cada 10 quieren que el pueblo elija a los ministros de la SCJN, demuestran que la gente quiere participar, aunque a las c\u00fapulas les parezca un \u201csacrilegio\u201d que el pueblo decida.<\/p>\n\n\n\n<blockquote class=\"wp-block-quote is-layout-flow wp-block-quote-is-layout-flow\">\n<p>\u201cEs lo que opina la gente, son los sentimientos del pueblo, primero porque es evidente que se necesita una reforma en el poder judicial\u2026 segundo, pues que a la gente le importa mucho participar, ser tomada en cuenta\u201d.<\/p>\n<\/blockquote>\n\n\n\n<p>El Mandatario consider\u00f3 que la opini\u00f3n del pueblo es como un \u201csacrilegio\u201d y est\u00e1 muy dif\u00edcil que lo internalicen las c\u00fapulas, los gremios, como los abogados y los expertos del Instituto de Investigaciones Jur\u00eddicas de la UNAM.<\/p>\n\n\n\n<blockquote class=\"wp-block-quote is-layout-flow wp-block-quote-is-layout-flow\">\n<p>\u201c\u00b4C\u00f3mo el pueblo va a elegir\u00b4, porque son muy conservadores. Pero pues se tienen que ir adaptando a la nueva realidad, a las nuevas circunstancias a la democracia, en pocas palabras o en una palabra a la democracia y este es lo m\u00e1s normal\u201d.<\/p>\n<\/blockquote>\n\n\n\n<p>Insisti\u00f3 que debe haber una elecci\u00f3n de jueces, magistrados y ministros porque en el Poder Judicial existe mucha corrupci\u00f3n e influyentismo de parte de la delincuencia organizada y la delincuencia de cuello blanco.<\/p>\n\n\n\n<p>Destac\u00f3 que desde la \u00e9poca del expresidente Benito Ju\u00e1rez no exist\u00eda independencia en el Poder Judicial, porque por primera vez en su administraci\u00f3n no hay injerencia del Ejecutivo sobre el Poder Judicial, pero los integrantes de ese poder desaprovecharon la oportunidad de hacer una reforma.<\/p>\n\n\n\n<blockquote class=\"wp-block-quote is-layout-flow wp-block-quote-is-layout-flow\">\n<p>\u201cEllos ten\u00edan la oportunidad de llevar a cabo la reforma al Poder Judicial, pero son muy conservadores y deshonestos\u201d.<\/p>\n<\/blockquote>\n\n\n\n<p>Se\u00f1al\u00f3 que su gobierno no quiso esa injerencia en el Poder Judicial como sus antecesores porque no quisimos entrar en componendas: \u201cver qu\u00e9 quieres, como nos entendemos o como dir\u00eda el cl\u00e1sico de la intelectualidad conservadora, con \u00b4apapacho\u00b4, apapachar, no\u201d.<\/p>\n\n\n\n<p>Fuente: El <a href=\"https:\/\/www.eluniversal.com.mx\/nacion\/amlo-resultados-de-encuestas-sobre-reforma-al-poder-judicial-reflejan-que-la-gente-quiere-participar\/\" data-type=\"link\" data-id=\"https:\/\/www.eluniversal.com.mx\/nacion\/amlo-resultados-de-encuestas-sobre-reforma-al-poder-judicial-reflejan-que-la-gente-quiere-participar\/\">Universal<\/a><br><\/p>\n","protected":false},"excerpt":{"rendered":"<p>El presidente Andr\u00e9s Manuel L\u00f3pez Obrador asegur\u00f3 que las encuestas presentadas por la virtual presidenta electa Claudia Sheinbaum, en las que 7 de cada 10 quieren que el pueblo elija a los ministros de la SCJN, demuestran que la gente quiere participar, aunque a las c\u00fapulas les parezca un \u201csacrilegio\u201d que el pueblo decida. \u201cEs [&hellip;]<\/p>\n","protected":false},"author":35,"featured_media":83823,"comment_status":"open","ping_status":"open","sticky":false,"template":"","format":"standard","meta":{"_monsterinsights_skip_tracking":false,"_monsterinsights_sitenote_active":false,"_monsterinsights_sitenote_note":"","_monsterinsights_sitenote_category":0,"footnotes":""},"categories":[157],"tags":[188,2038,2321],"class_list":["post-152217","post","type-post","status-publish","format-standard","has-post-thumbnail","hentry","category-nacional","tag-amlo","tag-encuestas","tag-poder-judicial","wp-image-borders"],"amp_enabled":true,"_links":{"self":[{"href":"https:\/\/nvnoticias.mx\/index.php\/wp-json\/wp\/v2\/posts\/152217","targetHints":{"allow":["GET"]}}],"collection":[{"href":"https:\/\/nvnoticias.mx\/index.php\/wp-json\/wp\/v2\/posts"}],"about":[{"href":"https:\/\/nvnoticias.mx\/index.php\/wp-json\/wp\/v2\/types\/post"}],"author":[{"embeddable":true,"href":"https:\/\/nvnoticias.mx\/index.php\/wp-json\/wp\/v2\/users\/35"}],"replies":[{"embeddable":true,"href":"https:\/\/nvnoticias.mx\/index.php\/wp-json\/wp\/v2\/comments?post=152217"}],"version-history":[{"count":1,"href":"https:\/\/nvnoticias.mx\/index.php\/wp-json\/wp\/v2\/posts\/152217\/revisions"}],"predecessor-version":[{"id":152218,"href":"https:\/\/nvnoticias.mx\/index.php\/wp-json\/wp\/v2\/posts\/152217\/revisions\/152218"}],"wp:featuredmedia":[{"embeddable":true,"href":"https:\/\/nvnoticias.mx\/index.php\/wp-json\/wp\/v2\/media\/83823"}],"wp:attachment":[{"href":"https:\/\/nvnoticias.mx\/index.php\/wp-json\/wp\/v2\/media?parent=152217"}],"wp:term":[{"taxonomy":"category","embeddable":true,"href":"https:\/\/nvnoticias.mx\/index.php\/wp-json\/wp\/v2\/categories?post=152217"},{"taxonomy":"post_tag","embeddable":true,"href":"https:\/\/nvnoticias.mx\/index.php\/wp-json\/wp\/v2\/tags?post=152217"}],"curies":[{"name":"wp","href":"https:\/\/api.w.org\/{rel}","templated":true}]}}