{"id":152121,"date":"2024-06-17T11:01:30","date_gmt":"2024-06-17T17:01:30","guid":{"rendered":"https:\/\/nvnoticias.mx\/?p=152121"},"modified":"2024-06-17T11:01:32","modified_gmt":"2024-06-17T17:01:32","slug":"podras-visitar-el-velero-capitan-miranda-se-encuentra-en-el-muelle-de-la-t","status":"publish","type":"post","link":"https:\/\/nvnoticias.mx\/index.php\/2024\/06\/17\/podras-visitar-el-velero-capitan-miranda-se-encuentra-en-el-muelle-de-la-t\/","title":{"rendered":"Podr\u00e1s visitar el velero Capit\u00e1n Miranda; se encuentra en el muelle de la T"},"content":{"rendered":"\n<p><\/p>\n\n\n\n<p><strong>Jes\u00fas Utrilla \/ NV Noticias<\/strong><\/p>\n\n\n\n<p>El velero Capit\u00e1n Miranda, de Uruguay, atrac\u00f3 en el Puerto de Veracruz, como parte de la instrucci\u00f3n de los cadetes. <\/p>\n\n\n\n<p>El embajador Santiago Wins,  se\u00f1al\u00f3 que son 70 alumnos los que viajan a bordo de la embarcaci\u00f3n, misma que estar\u00e1 hasta el mi\u00e9rcoles en la ciudad porte\u00f1a. Viene de Cozumel y se dirige a Miami. <\/p>\n\n\n\n<p>Estar\u00e1 abierto al p\u00fablico pero no especific\u00f3 el horario.<\/p>\n\n\n\n<blockquote class=\"wp-block-quote is-layout-flow wp-block-quote-is-layout-flow\">\n<p><em>\u201cEl buque escuela est\u00e1 realizando su viaje de instrucci\u00f3n donde visitar\u00e1 ocho pa\u00edses y distintos puertos. No es la primera vez que llega al Puerto de Veracruz pero es importante porque es la formaci\u00f3n de los integrantes de la armada\u201d.<\/em><\/p>\n<\/blockquote>\n\n\n\n<p>El Capit\u00e1n Miranda es un velero escuela uruguayo que ha navegado los mares del mundo llevando consigo el esp\u00edritu y la tradici\u00f3n n\u00e1utica de Uruguay. <\/p>\n\n\n\n<p>Con su distintivo casco de acero y su imponente aparejo, se ha convertido en un s\u00edmbolo flotante de la cultura y la historia naval uruguaya.<\/p>\n\n\n\n<p>Construido en 1930 en C\u00e1diz, Espa\u00f1a, el Capit\u00e1n Miranda fue originalmente dise\u00f1ado como buque hidrogr\u00e1fico. <\/p>\n\n\n\n<p>Sin embargo, en 1978, fue transformado en un velero escuela, con el prop\u00f3sito de formar a las nuevas generaciones de marinos de la Armada Nacional de Uruguay. <\/p>\n\n\n\n<p>Desde entonces, ha servido como plataforma de entrenamiento y como embajador itinerante de Uruguay en diversos eventos n\u00e1uticos internacionales.<\/p>\n\n\n\n<p>El velero lleva el nombre de Capit\u00e1n Francisco Prudencio Miranda, un destacado oficial de la Armada Nacional que hizo importantes contribuciones a la cartograf\u00eda y a la hidrograf\u00eda del R\u00edo de la Plata. <\/p>\n\n\n\n<p>Este nombre rinde homenaje a su legado y al compromiso de Uruguay con la excelencia en la navegaci\u00f3n.<\/p>\n\n\n\n<p>A lo largo de los a\u00f1os, el Capit\u00e1n Miranda ha participado en numerosas regatas y encuentros de grandes veleros, destac\u00e1ndose por su elegancia y su impecable tripulaci\u00f3n. <\/p>\n\n\n\n<p>Sus traves\u00edas incluyen visitas a puertos en Europa, Am\u00e9rica del Norte y del Sur, y su presencia es siempre recibida con entusiasmo y admiraci\u00f3n.<\/p>\n\n\n\n<p>El velero no solo cumple una funci\u00f3n educativa, sino que tambi\u00e9n fortalece los lazos diplom\u00e1ticos y culturales entre Uruguay y el resto del mundo. <\/p>\n\n\n\n<p>A bordo, cadetes y marinos reciben una formaci\u00f3n integral, que abarca desde t\u00e9cnicas de navegaci\u00f3n y manejo de velas hasta el fomento de valores como la camarader\u00eda, la disciplina y el respeto por el mar.<\/p>\n","protected":false},"excerpt":{"rendered":"<p>Jes\u00fas Utrilla \/ NV Noticias El velero Capit\u00e1n Miranda, de Uruguay, atrac\u00f3 en el Puerto de Veracruz, como parte de la instrucci\u00f3n de los cadetes. El embajador Santiago Wins, se\u00f1al\u00f3 que son 70 alumnos los que viajan a bordo de la embarcaci\u00f3n, misma que estar\u00e1 hasta el mi\u00e9rcoles en la ciudad porte\u00f1a. Viene de Cozumel [&hellip;]<\/p>\n","protected":false},"author":8,"featured_media":152123,"comment_status":"open","ping_status":"open","sticky":false,"template":"","format":"standard","meta":{"_monsterinsights_skip_tracking":false,"_monsterinsights_sitenote_active":false,"_monsterinsights_sitenote_note":"","_monsterinsights_sitenote_category":0,"footnotes":""},"categories":[154],"tags":[30268,30267,180],"class_list":["post-152121","post","type-post","status-publish","format-standard","has-post-thumbnail","hentry","category-veracruz","tag-muelle","tag-velero-capitan-miranda","tag-veracruz","wp-image-borders"],"amp_enabled":true,"_links":{"self":[{"href":"https:\/\/nvnoticias.mx\/index.php\/wp-json\/wp\/v2\/posts\/152121","targetHints":{"allow":["GET"]}}],"collection":[{"href":"https:\/\/nvnoticias.mx\/index.php\/wp-json\/wp\/v2\/posts"}],"about":[{"href":"https:\/\/nvnoticias.mx\/index.php\/wp-json\/wp\/v2\/types\/post"}],"author":[{"embeddable":true,"href":"https:\/\/nvnoticias.mx\/index.php\/wp-json\/wp\/v2\/users\/8"}],"replies":[{"embeddable":true,"href":"https:\/\/nvnoticias.mx\/index.php\/wp-json\/wp\/v2\/comments?post=152121"}],"version-history":[{"count":1,"href":"https:\/\/nvnoticias.mx\/index.php\/wp-json\/wp\/v2\/posts\/152121\/revisions"}],"predecessor-version":[{"id":152122,"href":"https:\/\/nvnoticias.mx\/index.php\/wp-json\/wp\/v2\/posts\/152121\/revisions\/152122"}],"wp:featuredmedia":[{"embeddable":true,"href":"https:\/\/nvnoticias.mx\/index.php\/wp-json\/wp\/v2\/media\/152123"}],"wp:attachment":[{"href":"https:\/\/nvnoticias.mx\/index.php\/wp-json\/wp\/v2\/media?parent=152121"}],"wp:term":[{"taxonomy":"category","embeddable":true,"href":"https:\/\/nvnoticias.mx\/index.php\/wp-json\/wp\/v2\/categories?post=152121"},{"taxonomy":"post_tag","embeddable":true,"href":"https:\/\/nvnoticias.mx\/index.php\/wp-json\/wp\/v2\/tags?post=152121"}],"curies":[{"name":"wp","href":"https:\/\/api.w.org\/{rel}","templated":true}]}}