{"id":152108,"date":"2024-06-17T09:39:14","date_gmt":"2024-06-17T15:39:14","guid":{"rendered":"https:\/\/nvnoticias.mx\/?p=152108"},"modified":"2024-06-17T09:39:16","modified_gmt":"2024-06-17T15:39:16","slug":"fue-una-muy-buena-gira-amlo","status":"publish","type":"post","link":"https:\/\/nvnoticias.mx\/index.php\/2024\/06\/17\/fue-una-muy-buena-gira-amlo\/","title":{"rendered":"Fue una muy buena gira: AMLO"},"content":{"rendered":"\n<p>Al ser cuestionado sobre la gira que tuvo el fin de semana en compa\u00f1\u00eda de Claudia Sheinbaum, presidenta electa, AMLO detall\u00f3 las actividades que realizaron.<\/p>\n\n\n\n<p><\/p>\n\n\n\n<blockquote class=\"wp-block-quote is-layout-flow wp-block-quote-is-layout-flow\">\n<p><strong>\u201cFue una buena gira<\/strong>, estoy muy contento y satisfecho por la elecci\u00f3n que tuvo el pueblo de M\u00e9xico al elegir a Claudia Sheinbaum Pardo como presidenta\u201d, dijo L\u00f3pez Obrador.<\/p>\n<\/blockquote>\n\n\n\n<p>El presidente inform\u00f3 que como parte de la gira se revis\u00f3 el tema de los mineros en Pasta de Conchos, as\u00ed como recorridos en la frontera y una evaluaci\u00f3n sobre las aduanas; se recorrieron hospitales pr\u00f3ximos a inaugurar.<\/p>\n\n\n\n<blockquote class=\"wp-block-quote is-layout-flow wp-block-quote-is-layout-flow\">\n<p>\u201cEstamos haciendo una&nbsp;<strong>gira conjunta,<\/strong>&nbsp;es algo tambi\u00e9n in\u00e9dito porque vamos juntos a visitar regiones, obras, a evaluar los avances de los programas\u201d, puntualiz\u00f3 L\u00f3pez Obrador.<\/p>\n<\/blockquote>\n\n\n\n<p>Fuente: El <a href=\"https:\/\/www.elfinanciero.com.mx\/nacional\/2024\/06\/17\/amlo-mananera-temas-hoy-17-de-junio-de-2024-en-vivo\/?outputType=amp\" data-type=\"link\" data-id=\"https:\/\/www.elfinanciero.com.mx\/nacional\/2024\/06\/17\/amlo-mananera-temas-hoy-17-de-junio-de-2024-en-vivo\/?outputType=amp\">Financiero<\/a><\/p>\n","protected":false},"excerpt":{"rendered":"<p>Al ser cuestionado sobre la gira que tuvo el fin de semana en compa\u00f1\u00eda de Claudia Sheinbaum, presidenta electa, AMLO detall\u00f3 las actividades que realizaron. \u201cFue una buena gira, estoy muy contento y satisfecho por la elecci\u00f3n que tuvo el pueblo de M\u00e9xico al elegir a Claudia Sheinbaum Pardo como presidenta\u201d, dijo L\u00f3pez Obrador. El [&hellip;]<\/p>\n","protected":false},"author":35,"featured_media":70698,"comment_status":"open","ping_status":"open","sticky":false,"template":"","format":"standard","meta":{"_monsterinsights_skip_tracking":false,"_monsterinsights_sitenote_active":false,"_monsterinsights_sitenote_note":"","_monsterinsights_sitenote_category":0,"footnotes":""},"categories":[158],"tags":[188,27308,162],"class_list":["post-152108","post","type-post","status-publish","format-standard","has-post-thumbnail","hentry","category-politica","tag-amlo","tag-claudia-sheibaum","tag-portada","wp-image-borders"],"amp_enabled":true,"_links":{"self":[{"href":"https:\/\/nvnoticias.mx\/index.php\/wp-json\/wp\/v2\/posts\/152108","targetHints":{"allow":["GET"]}}],"collection":[{"href":"https:\/\/nvnoticias.mx\/index.php\/wp-json\/wp\/v2\/posts"}],"about":[{"href":"https:\/\/nvnoticias.mx\/index.php\/wp-json\/wp\/v2\/types\/post"}],"author":[{"embeddable":true,"href":"https:\/\/nvnoticias.mx\/index.php\/wp-json\/wp\/v2\/users\/35"}],"replies":[{"embeddable":true,"href":"https:\/\/nvnoticias.mx\/index.php\/wp-json\/wp\/v2\/comments?post=152108"}],"version-history":[{"count":2,"href":"https:\/\/nvnoticias.mx\/index.php\/wp-json\/wp\/v2\/posts\/152108\/revisions"}],"predecessor-version":[{"id":152110,"href":"https:\/\/nvnoticias.mx\/index.php\/wp-json\/wp\/v2\/posts\/152108\/revisions\/152110"}],"wp:featuredmedia":[{"embeddable":true,"href":"https:\/\/nvnoticias.mx\/index.php\/wp-json\/wp\/v2\/media\/70698"}],"wp:attachment":[{"href":"https:\/\/nvnoticias.mx\/index.php\/wp-json\/wp\/v2\/media?parent=152108"}],"wp:term":[{"taxonomy":"category","embeddable":true,"href":"https:\/\/nvnoticias.mx\/index.php\/wp-json\/wp\/v2\/categories?post=152108"},{"taxonomy":"post_tag","embeddable":true,"href":"https:\/\/nvnoticias.mx\/index.php\/wp-json\/wp\/v2\/tags?post=152108"}],"curies":[{"name":"wp","href":"https:\/\/api.w.org\/{rel}","templated":true}]}}