{"id":152069,"date":"2024-06-16T10:02:14","date_gmt":"2024-06-16T16:02:14","guid":{"rendered":"https:\/\/nvnoticias.mx\/?p=152069"},"modified":"2024-06-16T10:02:16","modified_gmt":"2024-06-16T16:02:16","slug":"concede-juez-suspension-a-amparo-de-lider-de-guerrero-unidos-por-tortura-psicologica-y-amenazas","status":"publish","type":"post","link":"https:\/\/nvnoticias.mx\/index.php\/2024\/06\/16\/concede-juez-suspension-a-amparo-de-lider-de-guerrero-unidos-por-tortura-psicologica-y-amenazas\/","title":{"rendered":"Concede Juez suspensi\u00f3n a amparo de l\u00edder de Guerrero Unidos por tortura psicol\u00f3gica y amenazas"},"content":{"rendered":"\n<p>Un juez federal concedi\u00f3 una suspensi\u00f3n de plano a Sidronio Casarrubias Salgado \u201cEl Chino\u201d, en la demanda de amparo que tramit\u00f3 por presunta tortura psicol\u00f3gica, coacci\u00f3n verbal y amenazas a \u00e9l y a sus familiares.<\/p>\n\n\n\n<p>El pasado jueves, el l\u00edder de Guerreros Unidos, grupo criminal involucrado en la desaparici\u00f3n de los 43 normalistas de Ayotzinapa, solicit\u00f3 la protecci\u00f3n de la justicia ante el juez Primero de Distrito de Procesos Penales Federales en el Estado de M\u00e9xico, Juan Pablo Cort\u00e9s Torres, quien desech\u00f3 parcialmente la demanda de garant\u00edas.<\/p>\n\n\n\n<p>Sin embargo, el juez Cort\u00e9s Torres dio un plazo de cinco d\u00edas a Casarrubias Salgado para que precise de manera clara y completa los antecedentes de los actos que reclama ante el \u00f3rgano jurisdiccional.<\/p>\n\n\n\n<blockquote class=\"wp-block-quote is-layout-flow wp-block-quote-is-layout-flow\">\n<p>\u201cSe desecha parcialmente la demanda de amparo, respecto de los actos que refiere el quejoso del Art\u00edculo 22 de la Constituci\u00f3n, se concede la suspensi\u00f3n de plano, se previene al quejoso para que en el t\u00e9rmino de cinco d\u00edas precise de manera clara y completa los antecedentes de los actos reclamados\u201d, resolvi\u00f3.<\/p>\n<\/blockquote>\n\n\n\n<p>En abril pasado, Sidronio Casarrubias Salgado se quej\u00f3 de que, al interior del penal del Altiplano, donde se encuentra preso, es acosado por un custodio apodado \u201cEl Matamoros\u201d, y que se le restringe su derecho al ejercicio y deporte porque no se le hab\u00edan entregado los tenis que compr\u00f3.<\/p>\n\n\n\n<p>Fuente: El <a href=\"https:\/\/www.eluniversal.com.mx\/nacion\/juez-concede-suspension-a-amparo-de-lider-de-guerrero-unidos-por-tortura-psicologica-y-amenazas\/\" data-type=\"link\" data-id=\"https:\/\/www.eluniversal.com.mx\/nacion\/juez-concede-suspension-a-amparo-de-lider-de-guerrero-unidos-por-tortura-psicologica-y-amenazas\/\">Universal<br><\/a><\/p>\n","protected":false},"excerpt":{"rendered":"<p>Un juez federal concedi\u00f3 una suspensi\u00f3n de plano a Sidronio Casarrubias Salgado \u201cEl Chino\u201d, en la demanda de amparo que tramit\u00f3 por presunta tortura psicol\u00f3gica, coacci\u00f3n verbal y amenazas a \u00e9l y a sus familiares. El pasado jueves, el l\u00edder de Guerreros Unidos, grupo criminal involucrado en la desaparici\u00f3n de los 43 normalistas de Ayotzinapa, [&hellip;]<\/p>\n","protected":false},"author":35,"featured_media":108635,"comment_status":"open","ping_status":"open","sticky":false,"template":"","format":"standard","meta":{"_monsterinsights_skip_tracking":false,"_monsterinsights_sitenote_active":false,"_monsterinsights_sitenote_note":"","_monsterinsights_sitenote_category":0,"footnotes":""},"categories":[158],"tags":[15431,14408,2188,9494],"class_list":["post-152069","post","type-post","status-publish","format-standard","has-post-thumbnail","hentry","category-politica","tag-concede","tag-guerreros-unidos","tag-juez","tag-lider","wp-image-borders"],"amp_enabled":true,"_links":{"self":[{"href":"https:\/\/nvnoticias.mx\/index.php\/wp-json\/wp\/v2\/posts\/152069","targetHints":{"allow":["GET"]}}],"collection":[{"href":"https:\/\/nvnoticias.mx\/index.php\/wp-json\/wp\/v2\/posts"}],"about":[{"href":"https:\/\/nvnoticias.mx\/index.php\/wp-json\/wp\/v2\/types\/post"}],"author":[{"embeddable":true,"href":"https:\/\/nvnoticias.mx\/index.php\/wp-json\/wp\/v2\/users\/35"}],"replies":[{"embeddable":true,"href":"https:\/\/nvnoticias.mx\/index.php\/wp-json\/wp\/v2\/comments?post=152069"}],"version-history":[{"count":1,"href":"https:\/\/nvnoticias.mx\/index.php\/wp-json\/wp\/v2\/posts\/152069\/revisions"}],"predecessor-version":[{"id":152070,"href":"https:\/\/nvnoticias.mx\/index.php\/wp-json\/wp\/v2\/posts\/152069\/revisions\/152070"}],"wp:featuredmedia":[{"embeddable":true,"href":"https:\/\/nvnoticias.mx\/index.php\/wp-json\/wp\/v2\/media\/108635"}],"wp:attachment":[{"href":"https:\/\/nvnoticias.mx\/index.php\/wp-json\/wp\/v2\/media?parent=152069"}],"wp:term":[{"taxonomy":"category","embeddable":true,"href":"https:\/\/nvnoticias.mx\/index.php\/wp-json\/wp\/v2\/categories?post=152069"},{"taxonomy":"post_tag","embeddable":true,"href":"https:\/\/nvnoticias.mx\/index.php\/wp-json\/wp\/v2\/tags?post=152069"}],"curies":[{"name":"wp","href":"https:\/\/api.w.org\/{rel}","templated":true}]}}