{"id":151932,"date":"2024-06-13T18:36:18","date_gmt":"2024-06-14T00:36:18","guid":{"rendered":"https:\/\/nvnoticias.mx\/?p=151932"},"modified":"2024-06-13T18:36:20","modified_gmt":"2024-06-14T00:36:20","slug":"diputado-enrique-santos-mendoza-lleva-la-voz-de-los-trabajadores-de-veracruz-al-foro-de-la-oit-en-suiza","status":"publish","type":"post","link":"https:\/\/nvnoticias.mx\/index.php\/2024\/06\/13\/diputado-enrique-santos-mendoza-lleva-la-voz-de-los-trabajadores-de-veracruz-al-foro-de-la-oit-en-suiza\/","title":{"rendered":"Diputado Enrique Santos Mendoza Lleva la Voz de los Trabajadores de Veracruz al Foro de la OIT en Suiza"},"content":{"rendered":"\n<p><\/p>\n\n\n\n<p><strong>Jes\u00fas Utrilla \/ NV Noticias<\/strong><\/p>\n\n\n\n<p>En la defensa de la justicia social y el derecho a un trabajo decente, la Confederaci\u00f3n Aut\u00f3noma de Trabajadores y Empleados de M\u00e9xico (CATEM) reafirma su compromiso con la implementaci\u00f3n de pol\u00edticas p\u00fablicas que promuevan el bienestar de los trabajadores mexicanos, asegur\u00f3 el diputado local Juan Enrique Santos Mendoza.<\/p>\n\n\n\n<p>Durante su participaci\u00f3n en el foro de la Organizaci\u00f3n Internacional del Trabajo (OIT), celebrado en Ginebra, Suiza, Santos Mendoza destac\u00f3 que la lucha laboral en M\u00e9xico ha encontrado un fuerte aliado en el actual gobierno, el cual respalda la calidad de vida de los trabajadores y el pleno ejercicio de sus derechos.<\/p>\n\n\n\n<p>Acompa\u00f1ado por el dirigente nacional de la CATEM, Pedro Haces, el diputado Santos Mendoza represent\u00f3 por primera vez a Veracruz en este prestigioso evento internacional. <\/p>\n\n\n\n<p>Juntos, refrendaron su compromiso de impulsar el bienestar de las familias obreras y los empleados, en colaboraci\u00f3n con gobiernos aliados como el que encabezar\u00e1 Roc\u00edo Nahle.<\/p>\n\n\n\n<p>El diputado se mostr\u00f3 honrado de representar a Veracruz en el foro de la OIT, donde abord\u00f3 temas cruciales como la justicia social y el trabajo decente. <\/p>\n\n\n\n<p>Durante una semana, la delegaci\u00f3n mexicana de la CATEM participar\u00e1 en diversas ponencias sobre movilidad sustentable, energ\u00edas limpias, cambio clim\u00e1tico y normativas sobre peligros biol\u00f3gicos, en la sede del organismo laboral internacional en Ginebra.<\/p>\n\n\n\n<blockquote class=\"wp-block-quote is-layout-flow wp-block-quote-is-layout-flow\">\n<p>&#8220;<em>Nuestra participaci\u00f3n es importante para que el mundo escuche nuestras iniciativas y sepa que Veracruz est\u00e1 bien representado. Estamos seguros que con Roc\u00edo Nahle se seguir\u00e1 garantizando el bienestar y la justicia laboral para el pueblo trabajador<\/em>&#8220;, destac\u00f3 Santos Mendoza, l\u00edder estatal de la CATEM.<\/p>\n<\/blockquote>\n\n\n\n<p>Esta representaci\u00f3n en la OIT subraya el compromiso de la CATEM con la mejora continua de las condiciones laborales en M\u00e9xico, destacando la importancia de la cooperaci\u00f3n internacional para lograr un desarrollo m\u00e1s equitativo y sostenible.<\/p>\n","protected":false},"excerpt":{"rendered":"<p>Jes\u00fas Utrilla \/ NV Noticias En la defensa de la justicia social y el derecho a un trabajo decente, la Confederaci\u00f3n Aut\u00f3noma de Trabajadores y Empleados de M\u00e9xico (CATEM) reafirma su compromiso con la implementaci\u00f3n de pol\u00edticas p\u00fablicas que promuevan el bienestar de los trabajadores mexicanos, asegur\u00f3 el diputado local Juan Enrique Santos Mendoza. Durante [&hellip;]<\/p>\n","protected":false},"author":8,"featured_media":151933,"comment_status":"open","ping_status":"open","sticky":false,"template":"","format":"standard","meta":{"_monsterinsights_skip_tracking":false,"_monsterinsights_sitenote_active":false,"_monsterinsights_sitenote_note":"","_monsterinsights_sitenote_category":0,"footnotes":""},"categories":[154],"tags":[30257,532],"class_list":["post-151932","post","type-post","status-publish","format-standard","has-post-thumbnail","hentry","category-veracruz","tag-foro-de-la-oit","tag-juan-enrique-santos-mendoza","wp-image-borders"],"amp_enabled":true,"_links":{"self":[{"href":"https:\/\/nvnoticias.mx\/index.php\/wp-json\/wp\/v2\/posts\/151932","targetHints":{"allow":["GET"]}}],"collection":[{"href":"https:\/\/nvnoticias.mx\/index.php\/wp-json\/wp\/v2\/posts"}],"about":[{"href":"https:\/\/nvnoticias.mx\/index.php\/wp-json\/wp\/v2\/types\/post"}],"author":[{"embeddable":true,"href":"https:\/\/nvnoticias.mx\/index.php\/wp-json\/wp\/v2\/users\/8"}],"replies":[{"embeddable":true,"href":"https:\/\/nvnoticias.mx\/index.php\/wp-json\/wp\/v2\/comments?post=151932"}],"version-history":[{"count":1,"href":"https:\/\/nvnoticias.mx\/index.php\/wp-json\/wp\/v2\/posts\/151932\/revisions"}],"predecessor-version":[{"id":151934,"href":"https:\/\/nvnoticias.mx\/index.php\/wp-json\/wp\/v2\/posts\/151932\/revisions\/151934"}],"wp:featuredmedia":[{"embeddable":true,"href":"https:\/\/nvnoticias.mx\/index.php\/wp-json\/wp\/v2\/media\/151933"}],"wp:attachment":[{"href":"https:\/\/nvnoticias.mx\/index.php\/wp-json\/wp\/v2\/media?parent=151932"}],"wp:term":[{"taxonomy":"category","embeddable":true,"href":"https:\/\/nvnoticias.mx\/index.php\/wp-json\/wp\/v2\/categories?post=151932"},{"taxonomy":"post_tag","embeddable":true,"href":"https:\/\/nvnoticias.mx\/index.php\/wp-json\/wp\/v2\/tags?post=151932"}],"curies":[{"name":"wp","href":"https:\/\/api.w.org\/{rel}","templated":true}]}}