{"id":151906,"date":"2024-06-13T13:22:14","date_gmt":"2024-06-13T19:22:14","guid":{"rendered":"https:\/\/nvnoticias.mx\/?p=151906"},"modified":"2024-06-13T13:22:16","modified_gmt":"2024-06-13T19:22:16","slug":"estima-canaco-derrama-de-500-millones-por-festival-de-la-salsa","status":"publish","type":"post","link":"https:\/\/nvnoticias.mx\/index.php\/2024\/06\/13\/estima-canaco-derrama-de-500-millones-por-festival-de-la-salsa\/","title":{"rendered":"Estima Canaco derrama de 500 millones por Festival de la Salsa"},"content":{"rendered":"\n<p><\/p>\n\n\n\n<p><strong>Jes\u00fas Utrilla \/ NV Noticias<\/strong><\/p>\n\n\n\n<p>En la zona conurbada de Veracruz-Boca del R\u00edo, los comerciantes esperan un repunte considerable en ventas por la realizaci\u00f3n durante tres d\u00edas del Salsa Fest 2024. <\/p>\n\n\n\n<p>Jos\u00e9 Tom\u00e1s M\u00e9ndez Valerio, presidente de la C\u00e1mara Nacional de Comercio, Servicios y Turismo de Veracruz (Canaco), afirm\u00f3 que expectativas para este a\u00f1o son elevadas, basadas en el \u00e9xito del festival en 2023. <\/p>\n\n\n\n<p>El a\u00f1o pasado, el Salsa Fest gener\u00f3 una derrama econ\u00f3mica de 500 millones de pesos, una cifra que destaca  su importancia para la econom\u00eda local.  <\/p>\n\n\n\n<p>Se espera un incremento significativo en esta cifra, proyectando un aumento del 15 al 25 por ciento. <\/p>\n\n\n\n<blockquote class=\"wp-block-quote is-layout-flow wp-block-quote-is-layout-flow\">\n<p><em>&#8220;Definitivamente, a\u00f1o con a\u00f1o se incrementa el Salsa Fest. Yo creo que el a\u00f1o pasado fueron como 500 millones de pesos, y consideramos que este a\u00f1o un 15 o 20 por ciento se va a incrementar. Es un evento muy importante, un evento que la gente ya conoce y llega mucho turismo&#8221;.<\/em><\/p>\n<\/blockquote>\n\n\n\n<p>El impacto econ\u00f3mico del Salsa Fest no se limita a un solo sector, sino que se extiende a m\u00faltiples \u00e1reas del comercio y el turismo. <\/p>\n\n\n\n<p>Durante los d\u00edas del festival, los bares, restaurantes, antros, hoteles y tiendas de conveniencia registrar\u00e1n  un aumento en su actividad. <\/p>\n\n\n\n<p>Esto no solo mejora las ventas de los comerciantes, sino que tambi\u00e9n genera empleo temporal y fortalece la econom\u00eda local en un sentido m\u00e1s amplio.<\/p>\n\n\n\n<blockquote class=\"wp-block-quote is-layout-flow wp-block-quote-is-layout-flow\">\n<p><em>\u201cLos restaurantes, hoteles, antros, bares son los que se ven m\u00e1s beneficiados. La derrama econ\u00f3mica va a subir mucho este a\u00f1o, yo creo que un 20 o 15 por ciento\u201d.<\/em><\/p>\n<\/blockquote>\n\n\n\n<p>Los hoteles en Veracruz y Boca del R\u00edo tambi\u00e9n esperan una ocupaci\u00f3n m\u00e1xima durante el Salsa Fest. <\/p>\n\n\n\n<p>Muchos de ellos ya tienen reservas completas para este fin de semana, y los servicios adicionales como tours tur\u00edsticos y transporte tambi\u00e9n ven un aumento en la demanda.<\/p>\n\n\n\n<p>Admiti\u00f3 que el  Salsa Fest no solo es una celebraci\u00f3n de la m\u00fasica y la cultura, sino tambi\u00e9n un motor econ\u00f3mico vital para la regi\u00f3n de Veracruz y Boca del R\u00edo.<\/p>\n","protected":false},"excerpt":{"rendered":"<p>Jes\u00fas Utrilla \/ NV Noticias En la zona conurbada de Veracruz-Boca del R\u00edo, los comerciantes esperan un repunte considerable en ventas por la realizaci\u00f3n durante tres d\u00edas del Salsa Fest 2024. Jos\u00e9 Tom\u00e1s M\u00e9ndez Valerio, presidente de la C\u00e1mara Nacional de Comercio, Servicios y Turismo de Veracruz (Canaco), afirm\u00f3 que expectativas para este a\u00f1o son [&hellip;]<\/p>\n","protected":false},"author":8,"featured_media":151909,"comment_status":"open","ping_status":"open","sticky":false,"template":"","format":"standard","meta":{"_monsterinsights_skip_tracking":false,"_monsterinsights_sitenote_active":false,"_monsterinsights_sitenote_note":"","_monsterinsights_sitenote_category":0,"footnotes":""},"categories":[154],"tags":[27673,10940,27044],"class_list":["post-151906","post","type-post","status-publish","format-standard","has-post-thumbnail","hentry","category-veracruz","tag-canaco-veracruz","tag-derrama-economica","tag-salsa-fest","wp-image-borders"],"amp_enabled":true,"_links":{"self":[{"href":"https:\/\/nvnoticias.mx\/index.php\/wp-json\/wp\/v2\/posts\/151906","targetHints":{"allow":["GET"]}}],"collection":[{"href":"https:\/\/nvnoticias.mx\/index.php\/wp-json\/wp\/v2\/posts"}],"about":[{"href":"https:\/\/nvnoticias.mx\/index.php\/wp-json\/wp\/v2\/types\/post"}],"author":[{"embeddable":true,"href":"https:\/\/nvnoticias.mx\/index.php\/wp-json\/wp\/v2\/users\/8"}],"replies":[{"embeddable":true,"href":"https:\/\/nvnoticias.mx\/index.php\/wp-json\/wp\/v2\/comments?post=151906"}],"version-history":[{"count":1,"href":"https:\/\/nvnoticias.mx\/index.php\/wp-json\/wp\/v2\/posts\/151906\/revisions"}],"predecessor-version":[{"id":151911,"href":"https:\/\/nvnoticias.mx\/index.php\/wp-json\/wp\/v2\/posts\/151906\/revisions\/151911"}],"wp:featuredmedia":[{"embeddable":true,"href":"https:\/\/nvnoticias.mx\/index.php\/wp-json\/wp\/v2\/media\/151909"}],"wp:attachment":[{"href":"https:\/\/nvnoticias.mx\/index.php\/wp-json\/wp\/v2\/media?parent=151906"}],"wp:term":[{"taxonomy":"category","embeddable":true,"href":"https:\/\/nvnoticias.mx\/index.php\/wp-json\/wp\/v2\/categories?post=151906"},{"taxonomy":"post_tag","embeddable":true,"href":"https:\/\/nvnoticias.mx\/index.php\/wp-json\/wp\/v2\/tags?post=151906"}],"curies":[{"name":"wp","href":"https:\/\/api.w.org\/{rel}","templated":true}]}}