{"id":151873,"date":"2024-06-13T08:50:05","date_gmt":"2024-06-13T14:50:05","guid":{"rendered":"https:\/\/nvnoticias.mx\/?p=151873"},"modified":"2024-06-13T11:55:15","modified_gmt":"2024-06-13T17:55:15","slug":"taddei-llamo-a-la-cirt-para-informar-triunfo-de-sheinbaum-xochitl-galvez","status":"publish","type":"post","link":"https:\/\/nvnoticias.mx\/index.php\/2024\/06\/13\/taddei-llamo-a-la-cirt-para-informar-triunfo-de-sheinbaum-xochitl-galvez\/","title":{"rendered":"Taddei llam\u00f3 a la CIRT para informar triunfo de Sheinbaum: X\u00f3chitl G\u00e1lvez"},"content":{"rendered":"\n<p>Tras las elecciones del pasado 2 de junio, la excandidata presidencial, X\u00f3chitl G\u00e1lvez, habl\u00f3 con Carlos Loret de Mola sobre su experiencia al afrontar su fracaso frente a la vitual presidenta electa, Claudia Sheinbaum, y asegur\u00f3 que est\u00e1 &#8220;reconciliada con su derrota&#8221;.<\/p>\n\n\n\n<p>A pregunta expresa del periodista en Latinus, la excandidata del PAN-PRI-PRD le relat\u00f3 c\u00f3mo vivi\u00f3 la elecci\u00f3n presidencial y c\u00f3mo fue el proceso en el que le informaron, los presidentes de los partidos, que hab\u00edan ganado importantes ciudades como la CDMX, Veracruz y Puebla.<\/p>\n\n\n\n<p>Las encuestas de salida aseguraban que hab\u00eda entre un 60% y 70% de no respuesta lo que interpretaron como un voto oculto favorable para la oposici\u00f3n. &#8220;Hab\u00eda optimismo a las 7 de la noche&#8221;, expres\u00f3.<\/p>\n\n\n\n<p>Explic\u00f3 que confiaba en el conteo r\u00e1pido, entonces, asegur\u00f3 que &#8220;algunas televisoras salieron a dar el triunfo a Sheinbaum sin cifras y tenemos la impresi\u00f3n de que salieron del INE&#8221;.<\/p>\n\n\n\n<p>&#8220;Lo que s\u00ed nos consta es que a la CIRT, Taddei les dice que gan\u00f3 Claudia, porque nos lo dijo el de la CIRT [\u2026] Eso nos dijo el l\u00edder, al menos se lo dijo a Max, Max lo dice en la mesa, y ah\u00ed me desconcierto porque digo: \u00bfpor qu\u00e9 el INE no lo canta directamente&#8221;.<\/p>\n\n\n\n<p>Ante la acusaci\u00f3n que realiz\u00f3 X\u00f3chitl G\u00e1lvez contra la C\u00e1mara Nacional de la Industria de Radio y Televisi\u00f3n, \u00e9sta lo neg\u00f3 y asegur\u00f3 que por la falta de comunicaci\u00f3n &#8220;ingres\u00f3 una queja a Segob&#8221;.<\/p>\n\n\n\n<p>Fuente: El <a href=\"https:\/\/www.eluniversal.com.mx\/nacion\/taddei-llamo-a-la-cirt-para-informar-triunfo-de-sheinbaum-afirma-xochitl-galvez-camara-niega-aseveraciones\/\" data-type=\"link\" data-id=\"https:\/\/www.eluniversal.com.mx\/nacion\/taddei-llamo-a-la-cirt-para-informar-triunfo-de-sheinbaum-afirma-xochitl-galvez-camara-niega-aseveraciones\/\">Universal<\/a><br><\/p>\n","protected":false},"excerpt":{"rendered":"<p>Tras las elecciones del pasado 2 de junio, la excandidata presidencial, X\u00f3chitl G\u00e1lvez, habl\u00f3 con Carlos Loret de Mola sobre su experiencia al afrontar su fracaso frente a la vitual presidenta electa, Claudia Sheinbaum, y asegur\u00f3 que est\u00e1 &#8220;reconciliada con su derrota&#8221;. A pregunta expresa del periodista en Latinus, la excandidata del PAN-PRI-PRD le relat\u00f3 [&hellip;]<\/p>\n","protected":false},"author":35,"featured_media":101324,"comment_status":"open","ping_status":"open","sticky":false,"template":"","format":"standard","meta":{"_monsterinsights_skip_tracking":false,"_monsterinsights_sitenote_active":false,"_monsterinsights_sitenote_note":"","_monsterinsights_sitenote_category":0,"footnotes":""},"categories":[158],"tags":[27308,24281,162,6005],"class_list":["post-151873","post","type-post","status-publish","format-standard","has-post-thumbnail","hentry","category-politica","tag-claudia-sheibaum","tag-guadalupe-taddei","tag-portada","tag-xochilt-galvez","wp-image-borders"],"amp_enabled":true,"_links":{"self":[{"href":"https:\/\/nvnoticias.mx\/index.php\/wp-json\/wp\/v2\/posts\/151873","targetHints":{"allow":["GET"]}}],"collection":[{"href":"https:\/\/nvnoticias.mx\/index.php\/wp-json\/wp\/v2\/posts"}],"about":[{"href":"https:\/\/nvnoticias.mx\/index.php\/wp-json\/wp\/v2\/types\/post"}],"author":[{"embeddable":true,"href":"https:\/\/nvnoticias.mx\/index.php\/wp-json\/wp\/v2\/users\/35"}],"replies":[{"embeddable":true,"href":"https:\/\/nvnoticias.mx\/index.php\/wp-json\/wp\/v2\/comments?post=151873"}],"version-history":[{"count":1,"href":"https:\/\/nvnoticias.mx\/index.php\/wp-json\/wp\/v2\/posts\/151873\/revisions"}],"predecessor-version":[{"id":151874,"href":"https:\/\/nvnoticias.mx\/index.php\/wp-json\/wp\/v2\/posts\/151873\/revisions\/151874"}],"wp:featuredmedia":[{"embeddable":true,"href":"https:\/\/nvnoticias.mx\/index.php\/wp-json\/wp\/v2\/media\/101324"}],"wp:attachment":[{"href":"https:\/\/nvnoticias.mx\/index.php\/wp-json\/wp\/v2\/media?parent=151873"}],"wp:term":[{"taxonomy":"category","embeddable":true,"href":"https:\/\/nvnoticias.mx\/index.php\/wp-json\/wp\/v2\/categories?post=151873"},{"taxonomy":"post_tag","embeddable":true,"href":"https:\/\/nvnoticias.mx\/index.php\/wp-json\/wp\/v2\/tags?post=151873"}],"curies":[{"name":"wp","href":"https:\/\/api.w.org\/{rel}","templated":true}]}}