{"id":151860,"date":"2024-06-13T08:26:51","date_gmt":"2024-06-13T14:26:51","guid":{"rendered":"https:\/\/nvnoticias.mx\/?p=151860"},"modified":"2024-06-13T08:26:53","modified_gmt":"2024-06-13T14:26:53","slug":"exhorta-inai-a-sheinbaum-pardo-a-impulsar-el-plan-d","status":"publish","type":"post","link":"https:\/\/nvnoticias.mx\/index.php\/2024\/06\/13\/exhorta-inai-a-sheinbaum-pardo-a-impulsar-el-plan-d\/","title":{"rendered":"Exhorta Inai a Sheinbaum Pardo a impulsar el plan D"},"content":{"rendered":"\n<p>El pleno del Instituto Nacional de Transparencia, Acceso a la Informaci\u00f3n y Protecci\u00f3n de Datos Personales (Inai) refrend\u00f3 su disposici\u00f3n al di\u00e1logo con la virtual presidenta electa Claudia Sheinbaum, y la llam\u00f3 a impulsar el \u201cplan D\u201d, de di\u00e1logo, en el marco de la reforma constitucional por la que se prev\u00e9 desaparecer a ese \u00f3rgano aut\u00f3nomo.<\/p>\n\n\n\n<p>En sesi\u00f3n del pleno, el comisionado presidente Adri\u00e1n Alcal\u00e1 M\u00e9ndez, dijo que es momento justo para reflexionar sobre la vigencia de los derechos que tutela el Inai y el Sistema Nacional de Transparencia (SNT), y tomar las mejores decisiones en beneficio de los mexicanos.<\/p>\n\n\n\n<blockquote class=\"wp-block-quote is-layout-flow wp-block-quote-is-layout-flow\">\n<p>\u201cInvitar a un plan D, de di\u00e1logo, en donde a partir de elementos objetivos se pueda obviamente conocer la labor sustancial que inici\u00f3 hace 22 a\u00f1os en este pa\u00eds y es la transparencia. Somos conscientes de la nueva vida en Rep\u00fablica que ha ordenado en las urnas el pasado 2 de junio el pueblo de M\u00e9xico, y como garantes de este derecho, los cuatro comisionados que integramos el pleno del Inai estamos convencidos de poder iniciar este di\u00e1logo respetuoso\u201d, se\u00f1al\u00f3.<\/p>\n<\/blockquote>\n\n\n\n<p>Alcal\u00e1 M\u00e9ndez plante\u00f3 iniciar un ejercicio de parlamento abierto en las C\u00e1mara de Diputados y el Senado que habr\u00e1n de integrar la pr\u00f3xima 66 Legislatura: \u201cEl Inai no confronta, no es en contra del poder p\u00fablico, es \u00fanicamente un contrapeso, una esencia del Estado mexicano y como tal, debemos de dialogar precisamente las instituciones, entre ellas precisamente el Inai, para fortalecer, al final del d\u00eda, a los mexicanos\u201d, asever\u00f3.<\/p>\n\n\n\n<p>La comisionada Norma Julieta del R\u00edo Venegas ratific\u00f3 los t\u00e9rminos de la carta enviada por el Inai y la mayor\u00eda de los organismos garantes del pa\u00eds el pasado lunes, a la virtual presidenta electa.<\/p>\n\n\n\n<blockquote class=\"wp-block-quote is-layout-flow wp-block-quote-is-layout-flow\">\n<p>\u201cDecidimos hacerla p\u00fablica, m\u00e1s que entregarla en una oficina, porque sab\u00edamos que nuestra esencia es p\u00fablica. Estamos esperando esta audiencia simplemente para platicar los temas ante la desinformaci\u00f3n que existe sobre el quehacer de estos institutos, y hay que decirlo, la preocupaci\u00f3n de esta reforma donde establece que estas atribuciones pasar\u00edan a la Secretar\u00eda de la Funci\u00f3n P\u00fablica, donde ser\u00eda una regresi\u00f3n al pasado y donde no se puede ser juez y parte, hacer el llamado de que sigamos trabajando en equipo y defendamos esto\u201d, expres\u00f3.<\/p>\n<\/blockquote>\n\n\n\n<p>Fuente: El <a href=\"https:\/\/www.eluniversal.com.mx\/nacion\/inai-exhorta-a-sheinbaum-pardo-a-impulsar-el-plan-d-de-dialogo\/\" data-type=\"link\" data-id=\"https:\/\/www.eluniversal.com.mx\/nacion\/inai-exhorta-a-sheinbaum-pardo-a-impulsar-el-plan-d-de-dialogo\/\">Universal<\/a><br><\/p>\n","protected":false},"excerpt":{"rendered":"<p>El pleno del Instituto Nacional de Transparencia, Acceso a la Informaci\u00f3n y Protecci\u00f3n de Datos Personales (Inai) refrend\u00f3 su disposici\u00f3n al di\u00e1logo con la virtual presidenta electa Claudia Sheinbaum, y la llam\u00f3 a impulsar el \u201cplan D\u201d, de di\u00e1logo, en el marco de la reforma constitucional por la que se prev\u00e9 desaparecer a ese \u00f3rgano [&hellip;]<\/p>\n","protected":false},"author":35,"featured_media":988,"comment_status":"open","ping_status":"open","sticky":false,"template":"","format":"standard","meta":{"_monsterinsights_skip_tracking":false,"_monsterinsights_sitenote_active":false,"_monsterinsights_sitenote_note":"","_monsterinsights_sitenote_category":0,"footnotes":""},"categories":[158],"tags":[27308,355],"class_list":["post-151860","post","type-post","status-publish","format-standard","has-post-thumbnail","hentry","category-politica","tag-claudia-sheibaum","tag-inai","wp-image-borders"],"amp_enabled":true,"_links":{"self":[{"href":"https:\/\/nvnoticias.mx\/index.php\/wp-json\/wp\/v2\/posts\/151860","targetHints":{"allow":["GET"]}}],"collection":[{"href":"https:\/\/nvnoticias.mx\/index.php\/wp-json\/wp\/v2\/posts"}],"about":[{"href":"https:\/\/nvnoticias.mx\/index.php\/wp-json\/wp\/v2\/types\/post"}],"author":[{"embeddable":true,"href":"https:\/\/nvnoticias.mx\/index.php\/wp-json\/wp\/v2\/users\/35"}],"replies":[{"embeddable":true,"href":"https:\/\/nvnoticias.mx\/index.php\/wp-json\/wp\/v2\/comments?post=151860"}],"version-history":[{"count":2,"href":"https:\/\/nvnoticias.mx\/index.php\/wp-json\/wp\/v2\/posts\/151860\/revisions"}],"predecessor-version":[{"id":151862,"href":"https:\/\/nvnoticias.mx\/index.php\/wp-json\/wp\/v2\/posts\/151860\/revisions\/151862"}],"wp:featuredmedia":[{"embeddable":true,"href":"https:\/\/nvnoticias.mx\/index.php\/wp-json\/wp\/v2\/media\/988"}],"wp:attachment":[{"href":"https:\/\/nvnoticias.mx\/index.php\/wp-json\/wp\/v2\/media?parent=151860"}],"wp:term":[{"taxonomy":"category","embeddable":true,"href":"https:\/\/nvnoticias.mx\/index.php\/wp-json\/wp\/v2\/categories?post=151860"},{"taxonomy":"post_tag","embeddable":true,"href":"https:\/\/nvnoticias.mx\/index.php\/wp-json\/wp\/v2\/tags?post=151860"}],"curies":[{"name":"wp","href":"https:\/\/api.w.org\/{rel}","templated":true}]}}