{"id":151834,"date":"2024-06-12T16:56:24","date_gmt":"2024-06-12T22:56:24","guid":{"rendered":"https:\/\/nvnoticias.mx\/?p=151834"},"modified":"2024-06-12T16:56:27","modified_gmt":"2024-06-12T22:56:27","slug":"por-novena-ocasion-trabajadores-del-imss-se-manifiestan-en-avenida-cuauhtemoc-en-veracruz","status":"publish","type":"post","link":"https:\/\/nvnoticias.mx\/index.php\/2024\/06\/12\/por-novena-ocasion-trabajadores-del-imss-se-manifiestan-en-avenida-cuauhtemoc-en-veracruz\/","title":{"rendered":"Por novena ocasi\u00f3n, trabajadores del IMSS se manifiestan en avenida Cuauht\u00e9moc, en Veracruz"},"content":{"rendered":"\n<p><\/p>\n\n\n\n<p><strong>\u00c1ngel Hern\u00e1ndez \/ NV Noticias<\/strong><\/p>\n\n\n\n<p>Por novena ocasi\u00f3n, trabajadores y derechohabientes del Instituto Mexicano del Seguro Social (IMSS) de la Unidad M\u00e9dica de Alta Especialidad (UMAE) 14, se manifestaron sobre la avenida Cuauht\u00e9moc, en el Puerto de Veracruz. <\/p>\n\n\n\n<p>Al grito de &#8220;Seguro Social, Justicia Laboral&#8221;, los manifestantes exigieron mejores condiciones de trabajo, ya que desde hace tiempo la cl\u00ednica no cuenta con aire acondicionado; adem\u00e1s de que los elevadores no funcionan y los pacientes y trabajadores deben subir las escaleras para ser atendidos. <\/p>\n\n\n\n<p>Los quejosos caminaron desde la estatua de Cuauht\u00e9moc hasta la cl\u00ednica 14, plantandoze por varios minutos frente a la entrada de la Unidad M\u00e9dica. <\/p>\n\n\n<div class=\"wp-block-image\">\n<figure class=\"aligncenter size-large\"><img loading=\"lazy\" decoding=\"async\" width=\"1024\" height=\"768\" src=\"https:\/\/nvnoticias.mx\/wp-content\/uploads\/2024\/06\/IMG_20240612_155651-1024x768.jpg\" alt=\"\" class=\"wp-image-151836\" srcset=\"https:\/\/nvnoticias.mx\/wp-content\/uploads\/2024\/06\/IMG_20240612_155651-1024x768.jpg 1024w, https:\/\/nvnoticias.mx\/wp-content\/uploads\/2024\/06\/IMG_20240612_155651-300x225.jpg 300w, https:\/\/nvnoticias.mx\/wp-content\/uploads\/2024\/06\/IMG_20240612_155651-768x576.jpg 768w, https:\/\/nvnoticias.mx\/wp-content\/uploads\/2024\/06\/IMG_20240612_155651-1536x1152.jpg 1536w, https:\/\/nvnoticias.mx\/wp-content\/uploads\/2024\/06\/IMG_20240612_155651-2048x1536.jpg 2048w\" sizes=\"auto, (max-width: 1024px) 100vw, 1024px\" \/><\/figure>\n<\/div>\n\n\n<p>Cabe recordar que trabajadores han sufrido de golpes de calor a causa de las altas temperaturas, mismas que llegan hasta los 43 grados Celsius dentro del nosocomio. <\/p>\n\n\n\n<p>De igual manera los pacientes deben suspender sus tratamientos a causa de la falta de climas, teniendo que aguantar malos olores provenientes de los ba\u00f1os. <\/p>\n\n\n\n<p>Acusan que el personal del \u00e1rea de nutrici\u00f3n, intendencia y los de nuevo ingreso son amenazados por la direcci\u00f3n general del hospital para no asistir a las manifestaciones.<\/p>\n\n\n\n<p>Claudia Lilia Hern\u00e1ndez Cisneros, derechohabiente de la cl\u00ednica, indic\u00f3 que tiene que para poder ingresar un ventilador para su paciente debe tramitar un permiso especial, adem\u00e1s de que los permisos ya no son por 24 horas como se sol\u00eda hacer, por lo que no puede salir del nosocomio. <\/p>\n\n\n\n\n\n<p>La manifestaci\u00f3n detuvo el tr\u00e1fico sobre la avenida Cuauht\u00e9moc por un rato, en el carril que va de norte a sur. <\/p>\n\n\n\n<p>Tr\u00e1nsito municipal de Veracruz y polic\u00eda municipal estuvieron presentes cerrando las calles aleda\u00f1as para evitar alg\u00fan percance. <\/p>\n","protected":false},"excerpt":{"rendered":"<p>\u00c1ngel Hern\u00e1ndez \/ NV Noticias Por novena ocasi\u00f3n, trabajadores y derechohabientes del Instituto Mexicano del Seguro Social (IMSS) de la Unidad M\u00e9dica de Alta Especialidad (UMAE) 14, se manifestaron sobre la avenida Cuauht\u00e9moc, en el Puerto de Veracruz. Al grito de &#8220;Seguro Social, Justicia Laboral&#8221;, los manifestantes exigieron mejores condiciones de trabajo, ya que desde [&hellip;]<\/p>\n","protected":false},"author":8,"featured_media":151835,"comment_status":"open","ping_status":"open","sticky":false,"template":"","format":"standard","meta":{"_monsterinsights_skip_tracking":false,"_monsterinsights_sitenote_active":false,"_monsterinsights_sitenote_note":"","_monsterinsights_sitenote_category":0,"footnotes":""},"categories":[154],"tags":[365,3429,162,30250],"class_list":["post-151834","post","type-post","status-publish","format-standard","has-post-thumbnail","hentry","category-veracruz","tag-imss","tag-manifestacion-2","tag-portada","tag-umae-14","wp-image-borders"],"amp_enabled":true,"_links":{"self":[{"href":"https:\/\/nvnoticias.mx\/index.php\/wp-json\/wp\/v2\/posts\/151834","targetHints":{"allow":["GET"]}}],"collection":[{"href":"https:\/\/nvnoticias.mx\/index.php\/wp-json\/wp\/v2\/posts"}],"about":[{"href":"https:\/\/nvnoticias.mx\/index.php\/wp-json\/wp\/v2\/types\/post"}],"author":[{"embeddable":true,"href":"https:\/\/nvnoticias.mx\/index.php\/wp-json\/wp\/v2\/users\/8"}],"replies":[{"embeddable":true,"href":"https:\/\/nvnoticias.mx\/index.php\/wp-json\/wp\/v2\/comments?post=151834"}],"version-history":[{"count":2,"href":"https:\/\/nvnoticias.mx\/index.php\/wp-json\/wp\/v2\/posts\/151834\/revisions"}],"predecessor-version":[{"id":151839,"href":"https:\/\/nvnoticias.mx\/index.php\/wp-json\/wp\/v2\/posts\/151834\/revisions\/151839"}],"wp:featuredmedia":[{"embeddable":true,"href":"https:\/\/nvnoticias.mx\/index.php\/wp-json\/wp\/v2\/media\/151835"}],"wp:attachment":[{"href":"https:\/\/nvnoticias.mx\/index.php\/wp-json\/wp\/v2\/media?parent=151834"}],"wp:term":[{"taxonomy":"category","embeddable":true,"href":"https:\/\/nvnoticias.mx\/index.php\/wp-json\/wp\/v2\/categories?post=151834"},{"taxonomy":"post_tag","embeddable":true,"href":"https:\/\/nvnoticias.mx\/index.php\/wp-json\/wp\/v2\/tags?post=151834"}],"curies":[{"name":"wp","href":"https:\/\/api.w.org\/{rel}","templated":true}]}}