{"id":151764,"date":"2024-06-12T07:37:53","date_gmt":"2024-06-12T13:37:53","guid":{"rendered":"https:\/\/nvnoticias.mx\/?p=151764"},"modified":"2024-06-12T07:37:55","modified_gmt":"2024-06-12T13:37:55","slug":"amenaza-union-europea-a-china-con-aumentar-aranceles-a-los-autos-electricos","status":"publish","type":"post","link":"https:\/\/nvnoticias.mx\/index.php\/2024\/06\/12\/amenaza-union-europea-a-china-con-aumentar-aranceles-a-los-autos-electricos\/","title":{"rendered":"Amenaza Uni\u00f3n Europea a China con aumentar aranceles a los autos el\u00e9ctricos"},"content":{"rendered":"\n<p>La Uni\u00f3n Europea (UE) amenaz\u00f3 con aumentar los aranceles a la importaci\u00f3n de autom\u00f3viles el\u00e9ctricos de China a partir de julio si no prospera el di\u00e1logo con las autoridades chinas sobre subsidios al sector, anunci\u00f3 la Comisi\u00f3n Europea.<\/p>\n\n\n\n<p>La Comisi\u00f3n concluy\u00f3 que la cadena de producci\u00f3n de autom\u00f3viles el\u00e9ctricos en China se beneficia de subsidios y por ello defini\u00f3 una elevaci\u00f3n de aranceles que, en el caso de que &#8220;las conversaciones con las autoridades chinas no condujeran a una soluci\u00f3n eficaz&#8221;, ser\u00e1n aplicados a partir del 4 de julio.<\/p>\n\n\n\n<p>De acuerdo con le Comisi\u00f3n, los subsidios al sector de veh\u00edculos el\u00e9ctricos en China representan una &#8220;amenaza de perjuicio econ\u00f3mico para los productores&#8221; de veh\u00edculos el\u00e9ctricos en la UE.<\/p>\n\n\n\n<blockquote class=\"wp-block-quote is-layout-flow wp-block-quote-is-layout-flow\">\n<p>&#8220;En consecuencia, la Comisi\u00f3n se ha puesto en contacto con las autoridades chinas para discutir estas conclusiones y explorar posibles formas de resolver los problemas identificados, de manera compatible con la Organizaci\u00f3n Mundial del Comercio (OMC)&#8221;, menciona el comunicado.<\/p>\n<\/blockquote>\n\n\n\n<p>El vicepresidente ejecutivo de la Comisi\u00f3n, Valdis Dombrovskis afirm\u00f3 en la red X que &#8220;nuestro objetivo no es cerrar el marcado de la UE a los autom\u00f3viles el\u00e9ctricos chinos, sino asegurar que la competencia es justa&#8221;.<\/p>\n\n\n\n<p>Poco antes de este anuncio, el gobierno chino advirti\u00f3 que un eventual aumento de los aranceles o la adopci\u00f3n de medidas adicionales &#8220;har\u00edan da\u00f1o a los intereses de la UE&#8221; y conden\u00f3 el &#8220;proteccionismo&#8221; del bloque.<\/p>\n\n\n\n<blockquote class=\"wp-block-quote is-layout-flow wp-block-quote-is-layout-flow\">\n<p>&#8220;Instamos a la UE a cumplir con su compromiso de apoyar el libre comercio y oponerse al proteccionismo y trabajar con China para defender los intereses generales de la cooperaci\u00f3n econ\u00f3mica y comercial entre China y la UE&#8221;, dijo el vocero del gobierno chino, Lin Jian.<\/p>\n<\/blockquote>\n\n\n\n<p>China, advirti\u00f3 el portavoz, &#8220;tomar\u00e1 todas las medidas necesarias para salvaguardar firmemente sus derechos e intereses leg\u00edtimos&#8221;.<\/p>\n\n\n\n<p>Fuente: El <a href=\"https:\/\/www.eluniversal.com.mx\/mundo\/la-union-europea-amenaza-a-china-con-aumentar-aranceles-a-los-autos-electricos\/\" data-type=\"link\" data-id=\"https:\/\/www.eluniversal.com.mx\/mundo\/la-union-europea-amenaza-a-china-con-aumentar-aranceles-a-los-autos-electricos\/\">Universal<\/a><br><\/p>\n","protected":false},"excerpt":{"rendered":"<p>La Uni\u00f3n Europea (UE) amenaz\u00f3 con aumentar los aranceles a la importaci\u00f3n de autom\u00f3viles el\u00e9ctricos de China a partir de julio si no prospera el di\u00e1logo con las autoridades chinas sobre subsidios al sector, anunci\u00f3 la Comisi\u00f3n Europea. La Comisi\u00f3n concluy\u00f3 que la cadena de producci\u00f3n de autom\u00f3viles el\u00e9ctricos en China se beneficia de subsidios [&hellip;]<\/p>\n","protected":false},"author":35,"featured_media":72826,"comment_status":"open","ping_status":"open","sticky":false,"template":"","format":"standard","meta":{"_monsterinsights_skip_tracking":false,"_monsterinsights_sitenote_active":false,"_monsterinsights_sitenote_note":"","_monsterinsights_sitenote_category":0,"footnotes":""},"categories":[181],"tags":[185,2670],"class_list":["post-151764","post","type-post","status-publish","format-standard","has-post-thumbnail","hentry","category-internacional","tag-china","tag-union-europea","wp-image-borders"],"amp_enabled":true,"_links":{"self":[{"href":"https:\/\/nvnoticias.mx\/index.php\/wp-json\/wp\/v2\/posts\/151764","targetHints":{"allow":["GET"]}}],"collection":[{"href":"https:\/\/nvnoticias.mx\/index.php\/wp-json\/wp\/v2\/posts"}],"about":[{"href":"https:\/\/nvnoticias.mx\/index.php\/wp-json\/wp\/v2\/types\/post"}],"author":[{"embeddable":true,"href":"https:\/\/nvnoticias.mx\/index.php\/wp-json\/wp\/v2\/users\/35"}],"replies":[{"embeddable":true,"href":"https:\/\/nvnoticias.mx\/index.php\/wp-json\/wp\/v2\/comments?post=151764"}],"version-history":[{"count":1,"href":"https:\/\/nvnoticias.mx\/index.php\/wp-json\/wp\/v2\/posts\/151764\/revisions"}],"predecessor-version":[{"id":151765,"href":"https:\/\/nvnoticias.mx\/index.php\/wp-json\/wp\/v2\/posts\/151764\/revisions\/151765"}],"wp:featuredmedia":[{"embeddable":true,"href":"https:\/\/nvnoticias.mx\/index.php\/wp-json\/wp\/v2\/media\/72826"}],"wp:attachment":[{"href":"https:\/\/nvnoticias.mx\/index.php\/wp-json\/wp\/v2\/media?parent=151764"}],"wp:term":[{"taxonomy":"category","embeddable":true,"href":"https:\/\/nvnoticias.mx\/index.php\/wp-json\/wp\/v2\/categories?post=151764"},{"taxonomy":"post_tag","embeddable":true,"href":"https:\/\/nvnoticias.mx\/index.php\/wp-json\/wp\/v2\/tags?post=151764"}],"curies":[{"name":"wp","href":"https:\/\/api.w.org\/{rel}","templated":true}]}}