{"id":151732,"date":"2024-06-11T14:52:07","date_gmt":"2024-06-11T20:52:07","guid":{"rendered":"https:\/\/nvnoticias.mx\/?p=151732"},"modified":"2024-06-11T14:52:09","modified_gmt":"2024-06-11T20:52:09","slug":"los-paseos-del-carnaval-de-veracruz-2024-seran-a-las-6-de-la-noche","status":"publish","type":"post","link":"https:\/\/nvnoticias.mx\/index.php\/2024\/06\/11\/los-paseos-del-carnaval-de-veracruz-2024-seran-a-las-6-de-la-noche\/","title":{"rendered":"Los paseos del Carnaval de Veracruz 2024 ser\u00e1n a las 6 de la noche"},"content":{"rendered":"\n<p><\/p>\n\n\n\n<p><strong>Jes\u00fas Utrilla \/ NV Noticias<\/strong><\/p>\n\n\n\n<p>Los paseos del Carnaval de Veracruz 2024 ser\u00e1n a las 6 de la noche, desfilar\u00e1n 25 carros aleg\u00f3ricos m\u00e1s las comparsas y se espera que el paseo dure dos horas, se\u00f1al\u00f3 la alcaldesa de Veracruz Patricia Lobeira Rodr\u00edguez. <\/p>\n\n\n\n<p>Ser\u00e1n cuatro desfiles: s\u00e1bado, domingo, lunes y martes. Los temas de los carros se dar\u00e1 a conocer m\u00e1s adelante. <\/p>\n\n\n\n<p>Record\u00f3 que el precio de las gradas ser\u00e1 de 110 pesos s\u00e1bado y domingo y 35 pesos lunes y martes. El aumento fue porque ten\u00eda ocho a\u00f1os que no se ajustaba. <\/p>\n\n\n\n<p>La Quema del Mal Humor se realizar\u00e1 en el z\u00f3calo, pues aunque contin\u00faa la obra del colector ya habr\u00e1 espacio suficiente para esa y otras actividades durante el Carnaval. <\/p>\n\n\n\n<p>Como todos los a\u00f1os habr\u00e1 gradas verdes, para discapacitados y mujeres.<\/p>\n\n\n\n<blockquote class=\"wp-block-quote is-layout-flow wp-block-quote-is-layout-flow\">\n<p><em>\u201cUstedes han visto que el z\u00f3calo ya est\u00e1 intervenido, se ve un avance bastante intereses. Para Carnaval tendremos parte del z\u00f3calo listo y la gente va a poder disfrutar de los portales en el z\u00f3calo m\u00e1s ameno y amigable\u201d. <\/em><\/p>\n<\/blockquote>\n\n\n\n<p>Por otro lado record\u00f3 que  represent\u00f3 a Veracruz en la sede de las Naciones Unidas de la ciudad de Nueva York, donde expuso las acciones y programas implementados en el municipio enfocados a la familia.<\/p>\n\n\n\n<p>Destac\u00f3 tres programas de \u00e9xito implementados en Veracruz: Orquestando Cumbia, el programa de Rehabilitaci\u00f3n de Parques con Perspectiva de Familia y el Programa de Ayuda Psicol\u00f3gica para los Padres de Familia.<\/p>\n\n\n\n<p>Finalmente dijo que hay obras avanzadas en la ciudad como Madre Selva, Orqu\u00eddeas, hay trabajos en Albatros y se mantiene el plan de obras en la ciudad.<\/p>\n\n\n\n<p><\/p>\n","protected":false},"excerpt":{"rendered":"<p>Jes\u00fas Utrilla \/ NV Noticias Los paseos del Carnaval de Veracruz 2024 ser\u00e1n a las 6 de la noche, desfilar\u00e1n 25 carros aleg\u00f3ricos m\u00e1s las comparsas y se espera que el paseo dure dos horas, se\u00f1al\u00f3 la alcaldesa de Veracruz Patricia Lobeira Rodr\u00edguez. Ser\u00e1n cuatro desfiles: s\u00e1bado, domingo, lunes y martes. Los temas de los [&hellip;]<\/p>\n","protected":false},"author":8,"featured_media":143705,"comment_status":"open","ping_status":"open","sticky":false,"template":"","format":"standard","meta":{"_monsterinsights_skip_tracking":false,"_monsterinsights_sitenote_active":false,"_monsterinsights_sitenote_note":"","_monsterinsights_sitenote_category":0,"footnotes":""},"categories":[154],"tags":[6866,12313,30241],"class_list":["post-151732","post","type-post","status-publish","format-standard","has-post-thumbnail","hentry","category-veracruz","tag-carnaval","tag-horario","tag-paseos","wp-image-borders"],"amp_enabled":true,"_links":{"self":[{"href":"https:\/\/nvnoticias.mx\/index.php\/wp-json\/wp\/v2\/posts\/151732","targetHints":{"allow":["GET"]}}],"collection":[{"href":"https:\/\/nvnoticias.mx\/index.php\/wp-json\/wp\/v2\/posts"}],"about":[{"href":"https:\/\/nvnoticias.mx\/index.php\/wp-json\/wp\/v2\/types\/post"}],"author":[{"embeddable":true,"href":"https:\/\/nvnoticias.mx\/index.php\/wp-json\/wp\/v2\/users\/8"}],"replies":[{"embeddable":true,"href":"https:\/\/nvnoticias.mx\/index.php\/wp-json\/wp\/v2\/comments?post=151732"}],"version-history":[{"count":1,"href":"https:\/\/nvnoticias.mx\/index.php\/wp-json\/wp\/v2\/posts\/151732\/revisions"}],"predecessor-version":[{"id":151736,"href":"https:\/\/nvnoticias.mx\/index.php\/wp-json\/wp\/v2\/posts\/151732\/revisions\/151736"}],"wp:featuredmedia":[{"embeddable":true,"href":"https:\/\/nvnoticias.mx\/index.php\/wp-json\/wp\/v2\/media\/143705"}],"wp:attachment":[{"href":"https:\/\/nvnoticias.mx\/index.php\/wp-json\/wp\/v2\/media?parent=151732"}],"wp:term":[{"taxonomy":"category","embeddable":true,"href":"https:\/\/nvnoticias.mx\/index.php\/wp-json\/wp\/v2\/categories?post=151732"},{"taxonomy":"post_tag","embeddable":true,"href":"https:\/\/nvnoticias.mx\/index.php\/wp-json\/wp\/v2\/tags?post=151732"}],"curies":[{"name":"wp","href":"https:\/\/api.w.org\/{rel}","templated":true}]}}