{"id":151700,"date":"2024-06-11T11:52:39","date_gmt":"2024-06-11T17:52:39","guid":{"rendered":"https:\/\/nvnoticias.mx\/?p=151700"},"modified":"2024-06-11T11:52:40","modified_gmt":"2024-06-11T17:52:40","slug":"pasaremos-a-la-historia-como-el-gobierno-que-no-devaluo-su-moneda-amlo","status":"publish","type":"post","link":"https:\/\/nvnoticias.mx\/index.php\/2024\/06\/11\/pasaremos-a-la-historia-como-el-gobierno-que-no-devaluo-su-moneda-amlo\/","title":{"rendered":"Pasaremos a la historia como el gobierno que no devalu\u00f3 su moneda: AMLO"},"content":{"rendered":"\n<p>El presidente Andr\u00e9s Manuel L\u00f3pez Obrador asegur\u00f3 que pese al impacto negativo que ha tenido durante una semana tras el anuncio de que el plan C se discutir\u00e1 de inmediato en septiembre, el peso mexicano se encuentra fortalecido y afirm\u00f3 que su gobierno pasar\u00e1 como \u201cel gobierno que no devalu\u00f3 su moneda\u201d.<\/p>\n\n\n\n<p>El jefe del Ejecutivo federal afirm\u00f3 en conferencia de prensa matutina que M\u00e9xico tiene una econom\u00eda fuerte y con finanzas p\u00fablicas sanas porque, indic\u00f3, se ha combatido la corrupci\u00f3n.<\/p>\n\n\n\n<p>\u201c(El peso) debe de estar como 18.40, 18.37. Les puedo decir que a 18.37 es un porcentaje de fortalecimiento del peso, hoy as\u00ed como est\u00e1 del 10% desde que llegamos. Es la moneda hoy, as\u00ed como est\u00e1, que m\u00e1s se ha fortalecido con relaci\u00f3n al d\u00f3lar en todo el mundo.<\/p>\n\n\n\n<p>\u201cPara que vean los importante tener una econom\u00eda fuerte, finanzas p\u00fablicas sanas y \u00bfpor qu\u00e9 tenemos una econom\u00eda fuerte, sana? Porque hemos combativo la corrupci\u00f3n (\u2026) Vamos a pasar a la historia como el gobierno que no devalu\u00f3 su moneda\u201d, dijo.<\/p>\n\n\n\n<p>Fuente: El <a href=\"https:\/\/www.eluniversal.com.mx\/nacion\/amlo-pasaremos-a-la-historia-como-el-gobierno-que-no-devaluo-su-moneda\/\" data-type=\"link\" data-id=\"https:\/\/www.eluniversal.com.mx\/nacion\/amlo-pasaremos-a-la-historia-como-el-gobierno-que-no-devaluo-su-moneda\/\">Universal<\/a><br><\/p>\n","protected":false},"excerpt":{"rendered":"<p>El presidente Andr\u00e9s Manuel L\u00f3pez Obrador asegur\u00f3 que pese al impacto negativo que ha tenido durante una semana tras el anuncio de que el plan C se discutir\u00e1 de inmediato en septiembre, el peso mexicano se encuentra fortalecido y afirm\u00f3 que su gobierno pasar\u00e1 como \u201cel gobierno que no devalu\u00f3 su moneda\u201d. El jefe del [&hellip;]<\/p>\n","protected":false},"author":35,"featured_media":20558,"comment_status":"open","ping_status":"open","sticky":false,"template":"","format":"standard","meta":{"_monsterinsights_skip_tracking":false,"_monsterinsights_sitenote_active":false,"_monsterinsights_sitenote_note":"","_monsterinsights_sitenote_category":0,"footnotes":""},"categories":[157],"tags":[188,299,418,416],"class_list":["post-151700","post","type-post","status-publish","format-standard","has-post-thumbnail","hentry","category-nacional","tag-amlo","tag-gobierno","tag-moneda","tag-peso","wp-image-borders"],"amp_enabled":true,"_links":{"self":[{"href":"https:\/\/nvnoticias.mx\/index.php\/wp-json\/wp\/v2\/posts\/151700","targetHints":{"allow":["GET"]}}],"collection":[{"href":"https:\/\/nvnoticias.mx\/index.php\/wp-json\/wp\/v2\/posts"}],"about":[{"href":"https:\/\/nvnoticias.mx\/index.php\/wp-json\/wp\/v2\/types\/post"}],"author":[{"embeddable":true,"href":"https:\/\/nvnoticias.mx\/index.php\/wp-json\/wp\/v2\/users\/35"}],"replies":[{"embeddable":true,"href":"https:\/\/nvnoticias.mx\/index.php\/wp-json\/wp\/v2\/comments?post=151700"}],"version-history":[{"count":1,"href":"https:\/\/nvnoticias.mx\/index.php\/wp-json\/wp\/v2\/posts\/151700\/revisions"}],"predecessor-version":[{"id":151701,"href":"https:\/\/nvnoticias.mx\/index.php\/wp-json\/wp\/v2\/posts\/151700\/revisions\/151701"}],"wp:featuredmedia":[{"embeddable":true,"href":"https:\/\/nvnoticias.mx\/index.php\/wp-json\/wp\/v2\/media\/20558"}],"wp:attachment":[{"href":"https:\/\/nvnoticias.mx\/index.php\/wp-json\/wp\/v2\/media?parent=151700"}],"wp:term":[{"taxonomy":"category","embeddable":true,"href":"https:\/\/nvnoticias.mx\/index.php\/wp-json\/wp\/v2\/categories?post=151700"},{"taxonomy":"post_tag","embeddable":true,"href":"https:\/\/nvnoticias.mx\/index.php\/wp-json\/wp\/v2\/tags?post=151700"}],"curies":[{"name":"wp","href":"https:\/\/api.w.org\/{rel}","templated":true}]}}