{"id":15166,"date":"2021-06-04T10:09:31","date_gmt":"2021-06-04T15:09:31","guid":{"rendered":"https:\/\/nvnoticias.mx\/?p=15166"},"modified":"2021-06-04T10:09:32","modified_gmt":"2021-06-04T15:09:32","slug":"los-portales-de-lerdo-a-426-anos-de-existencia","status":"publish","type":"post","link":"https:\/\/nvnoticias.mx\/index.php\/2021\/06\/04\/los-portales-de-lerdo-a-426-anos-de-existencia\/","title":{"rendered":"Los Portales de Lerdo a 426 a\u00f1os de existencia"},"content":{"rendered":"\n<p class=\"has-text-align-right\"><strong>Por: Miguel Salvador Rodr\u00edguez Azueta<\/strong><\/p>\n\n\n\n<p class=\"has-text-align-right\">Domingo 25 de noviembre de 2013.<\/p>\n\n\n\n<p><strong>MANUAL DE CONVIVENCIA<\/strong><\/p>\n\n\n\n<p>Me encontraba renuente, no quer\u00eda ir a los Portales de Lerdo, famoso lugar en el centro hist\u00f3rico de la ciudad de Veracruz.<\/p>\n\n\n\n<p>Mi compadre Javier Herrera, -distinguido Notario del puerto -, insist\u00eda que abandon\u00e1ramos las confortables instalaciones de un restaurante del bulevar, para ver el partido de semifinal de los Xolos contra el Le\u00f3n, pues ya hab\u00eda desplumado al Am\u00e9rica. Mi argumento era sencillo: \u00a1Co\u00f1o compadre no se puede platicar con el ej\u00e9rcito de vendedores que te acosan!.<\/p>\n\n\n\n<p>\u00a1No pareces jarocho! \u2013 Me dijo muy serio- \u00a1Vamos&nbsp; te voy&nbsp; a demostrar una t\u00e9cnica para pasarla a gusto!.<\/p>\n\n\n\n<p>Llegamos a los Portales como a las 7:30,&nbsp; de acuerdo al reloj de la torre de Palacio, nos acomodamos en el bar Palacios, que junto con el Regis y el Imperial, se les conoc\u00eda como el PRI de los Portales- jocosa an\u00e9cdota jarocha de los porte\u00f1os del siglo pasado- . Pues bien, como llevamos cuatro pre adolecentes y&nbsp; un ni\u00f1o, escogimos una mesa que estaba en el exterior y r\u00e1pidamente los querubes tropicales&nbsp; buscaron algo en que entretenerse mientras comenzaba el partido.<\/p>\n\n\n\n<p>Javier un padre espl\u00e9ndido, empez\u00f3 por comprarles dos globos de Helio, que no sirvieron m\u00e1s que para sacarles el gas y hacer las voces de los extraterrestres de la pel\u00edcula \u201cToy story\u201d:&nbsp;&nbsp; \u201cGracias por rescatarnos, estamos agradecidos\u201d,&nbsp; fue para lo que sirvieron dos globos de Helio.&nbsp;<\/p>\n\n\n\n<p>Pens\u00e9 en comentarle a Javier si eso no era peligroso, pero entend\u00ed que estaba relajado y que los muchachos, pues ya estaban acostumbrados a hacer eso, pero despu\u00e9s vino el se\u00f1or de la \u201ccaja de toques\u201d \u2013 el\u00e9ctricos-&nbsp; y todos tuvimos nuestra terapia el\u00e9ctrica a tal grado que Javier opt\u00f3 por comprarle la caja al anciano, y con eso,&nbsp; nuestros peque\u00f1os angelitos nos dejaron ver el partido.<\/p>\n\n\n\n<p>Poco a poco Javier me ense\u00f1\u00f3 una t\u00e9cnica para disfrutar los portales, sin estr\u00e9s,&nbsp; aceptar todo lo que te traigan a vender, verlo, probarlo y si te gusta comprarlo, as\u00ed por nuestra mesa desfil\u00f3 la mujer ind\u00edgena con atuendo de moda, que vend\u00eda bolsas tejidas, la anciana en andadera, el candidato a Rey de la alegr\u00eda del Carnaval, vendedores de botanas, como cacahuates y quesos, tegogolos (caracoles de rio), masajeadores de cabeza &#8211; que creo fue mi mejor compra- , relojes 100% piratas, extenso surtido de marcas cuyos originales jam\u00e1s ver\u00e9 en mi mu\u00f1eca, sombreros de palma verde,&nbsp;&nbsp; perfumes, hamacas, masajeadores de madera para pies, la lista es extensa, pero s\u00f3lo dir\u00e9 que Javier los llamaba y les ped\u00eda que le mostraran sus mercanc\u00edas, al final no compraba m\u00e1s que comida, y con el paso de los minutos alcanc\u00e9 a ver que el reloj de la torre marcaba las 8:30, me dije es el horario anterior, pero segu\u00eda pasando el tiempo y como dijo Roberto Cantoral, el reloj no marcaba las horas, cosa que me son\u00f3 po\u00e9tico, pues efectivamente, con la compra de la caja de toques el\u00e9ctricos, el tiempo se detuvo, los chicos dejaron de estar pidiendo y ese regalo, se convirti\u00f3 en el centro de atenci\u00f3n de&nbsp; nuestro ni\u00f1os,&nbsp; que segu\u00edan d\u00e1ndose \u201ctoques\u201d&nbsp; de 18 volts haciendo una&nbsp; &#8220;cadena&#8221;&nbsp; humana.<\/p>\n\n\n\n<p>Ten\u00eda mucho tiempo que no me divert\u00eda as\u00ed en los Portales, deje de estresarme por los vendedores y la se\u00f1ora de las pulseras se acerc\u00f3 entonces, la atend\u00ed me prob\u00e9 y revise las pulseras, quede encantado con la forma tan \u201ccampechana\u201d en que Javier ve\u00eda a los portales.<\/p>\n\n\n\n<p>-\u00a1No hay otro lugar en el mundo como este!-&nbsp; me repet\u00eda-&nbsp; t\u00fa puedes ir a&nbsp; Venecia y no est\u00e1 as\u00ed.<\/p>\n\n\n\n<p>El palacio de locura,&nbsp; ruido, los ni\u00f1os gritando por lo toques, los norte\u00f1os tocando, los cantantes de bolero incitando al amor, los grupos bailables en la explanada, el show del payaso Globito,&nbsp; quien gallardo sale del hotel Imperial para dejar sus mejores tiempos en una cuerda tensada entre un poste de luz y un \u00e1rbol de almendro, el aspirante a inspector de comercio, m\u00e1s atento al partido de&nbsp; los Xolos, que a la actividad de los comerciante informales, la negra con cara de ya me quiero ir, es la \u00fanica que no capta el mensaje.<\/p>\n\n\n\n<p>El reloj de la torre sigui\u00f3 detenido, por lo que me hace deducir que el tiempo, estando con&nbsp; Javier Herrera,&nbsp; no surte efecto,&nbsp; pienso que tiene el usufructo &#8211; por el momento- de la alegr\u00eda.<\/p>\n\n\n\n<p>\u00a1Pru\u00e9bate este Lacoste!, \u00bfte gusta?,&nbsp; \u00a1Mira este Adidas!, \u00bfte gusta? \u00a1Pru\u00e9batelo chinga\u00f3!, y as\u00ed entre probadores, volutas de humo, risas, gritos, m\u00fasica de todo g\u00e9nero y bebidas espirituosas, transcurri\u00f3 una tarde de Domingo en los Portales jarochos.<\/p>\n\n\n\n<p><strong>DATOS HISTORICOS<\/strong><\/p>\n\n\n\n<p>Los portales de la plaza principal del puerto y ciudad de Veracruz son parte de lo que define a la ciudad, cualquier habitante y turista f\u00e1cilmente los reconoce como un punto de encuentro social y pol\u00edtico del puerto.<\/p>\n\n\n\n<p>Las mercedes autorizando la construcci\u00f3n de los portales fueron dadas en&nbsp; 1595 por el virrey Luis de Velasco (hijo) a Crist\u00f3bal Gudiel y Diego de Aguilera.<\/p>\n\n\n\n<p>A partir de&nbsp; 1567&nbsp; se fueron dando la&nbsp; repartici\u00f3n de solares en la llamada banda de Buitr\u00f3n frente a San Juan de Ul\u00faa.<\/p>\n\n\n\n<p>El otorgamiento de mercedes ten\u00eda un proceso que iniciaba con la solicitud ante el virrey, quien emit\u00eda un mandamiento acordado para investigar si se pod\u00eda hacer, despu\u00e9s de la visita al lugar y la aprobaci\u00f3n de la autoridad local, el virrey daba la merced.<\/p>\n\n\n\n<p>La solicitud hecha por Crist\u00f3bal y Diego&nbsp; se encuentra en el Archivo General de la Naci\u00f3n en la ciudad de M\u00e9xico, aunque no tiene fecha, pero si se conoce el d\u00eda exacto que se toma el acuerdo para darle un solar a cada uno de ellos: 5 de julio de 1594.<\/p>\n\n\n\n<p>La merced de Crist\u00f3bal tiene fecha de 5 de octubre de 1595 y la dada a Diego es del d\u00eda 10.<\/p>\n\n\n\n<p>Archivo General de la Naci\u00f3n, Indiferente Virreinal, Caja 2811, expediente 45<\/p>\n\n\n\n<p>(Paleograf\u00eda)<\/p>\n\n\n\n<p><em>Crist\u00f3bal Gudiel y Diego de Aguilera, criados del rey nuestro se\u00f1or, decimos que por mandado de su majestad y de V. S. en su real nombre se hace nueva poblaci\u00f3n en la banda de Buitr\u00f3n donde se ha de hacer la descarga de los nav\u00edos que vienen al puerto de San Juan de Ul\u00faa y para poblarse se han de repartir sitios de solares donde se hagan casas de vivienda y almacenes de descarga a personas que las edifiquen y pueblen.<\/em><\/p>\n\n\n\n<p><em>A Vuestra Se\u00f1or\u00eda, pedimos y suplicamos nos haga merced de \u2026(faltante)\u2026 de la plaza que se trazara en la dicha poblaci\u00f3n con faculta de poder hacer portales en la delantera de la plaza para el ornato de ella y contrataci\u00f3n de los mercaderes y negociantes que en ello recibiremos bien y merced.<\/em><\/p>\n\n\n\n<p><em>Crist\u00f3bal Gudiel (Rubrica)<\/em><\/p>\n\n\n\n<p><em>Diego Aguilera (Rubrica)<\/em><\/p>\n","protected":false},"excerpt":{"rendered":"<p>Por: Miguel Salvador Rodr\u00edguez Azueta Domingo 25 de noviembre de 2013. MANUAL DE CONVIVENCIA Me encontraba renuente, no quer\u00eda ir a los Portales de Lerdo, famoso lugar en el centro hist\u00f3rico de la ciudad de Veracruz. Mi compadre Javier Herrera, -distinguido Notario del puerto -, insist\u00eda que abandon\u00e1ramos las confortables instalaciones de un restaurante del [&hellip;]<\/p>\n","protected":false},"author":30,"featured_media":15168,"comment_status":"open","ping_status":"open","sticky":false,"template":"","format":"standard","meta":{"_monsterinsights_skip_tracking":false,"_monsterinsights_sitenote_active":false,"_monsterinsights_sitenote_note":"","_monsterinsights_sitenote_category":0,"footnotes":""},"categories":[332],"tags":[525],"class_list":["post-15166","post","type-post","status-publish","format-standard","has-post-thumbnail","hentry","category-veracruz-en-la-cultura","tag-dr-miguel-salvador-rodriguez-azueta","wp-image-borders"],"amp_enabled":true,"_links":{"self":[{"href":"https:\/\/nvnoticias.mx\/index.php\/wp-json\/wp\/v2\/posts\/15166","targetHints":{"allow":["GET"]}}],"collection":[{"href":"https:\/\/nvnoticias.mx\/index.php\/wp-json\/wp\/v2\/posts"}],"about":[{"href":"https:\/\/nvnoticias.mx\/index.php\/wp-json\/wp\/v2\/types\/post"}],"author":[{"embeddable":true,"href":"https:\/\/nvnoticias.mx\/index.php\/wp-json\/wp\/v2\/users\/30"}],"replies":[{"embeddable":true,"href":"https:\/\/nvnoticias.mx\/index.php\/wp-json\/wp\/v2\/comments?post=15166"}],"version-history":[{"count":1,"href":"https:\/\/nvnoticias.mx\/index.php\/wp-json\/wp\/v2\/posts\/15166\/revisions"}],"predecessor-version":[{"id":15169,"href":"https:\/\/nvnoticias.mx\/index.php\/wp-json\/wp\/v2\/posts\/15166\/revisions\/15169"}],"wp:featuredmedia":[{"embeddable":true,"href":"https:\/\/nvnoticias.mx\/index.php\/wp-json\/wp\/v2\/media\/15168"}],"wp:attachment":[{"href":"https:\/\/nvnoticias.mx\/index.php\/wp-json\/wp\/v2\/media?parent=15166"}],"wp:term":[{"taxonomy":"category","embeddable":true,"href":"https:\/\/nvnoticias.mx\/index.php\/wp-json\/wp\/v2\/categories?post=15166"},{"taxonomy":"post_tag","embeddable":true,"href":"https:\/\/nvnoticias.mx\/index.php\/wp-json\/wp\/v2\/tags?post=15166"}],"curies":[{"name":"wp","href":"https:\/\/api.w.org\/{rel}","templated":true}]}}