{"id":151658,"date":"2024-06-11T07:00:08","date_gmt":"2024-06-11T13:00:08","guid":{"rendered":"https:\/\/nvnoticias.mx\/?p=151658"},"modified":"2024-06-11T07:00:22","modified_gmt":"2024-06-11T13:00:22","slug":"alista-claudia-sheinbaum-reunion-con-comitiva-joe-biden-en-casa-de-campana-de-iztapalapa","status":"publish","type":"post","link":"https:\/\/nvnoticias.mx\/index.php\/2024\/06\/11\/alista-claudia-sheinbaum-reunion-con-comitiva-joe-biden-en-casa-de-campana-de-iztapalapa\/","title":{"rendered":"Alista Claudia Sheinbaum reuni\u00f3n con comitiva Joe Biden en casa de campa\u00f1a de Iztapalapa"},"content":{"rendered":"\n<p>La virtual presidenta electa de M\u00e9xico, Claudia Sheinbaum, anunci\u00f3 este martes que se reunir\u00e1 con \u201cuna comitiva\u201d del gobierno del presidente estadounidense, Joe Biden.<\/p>\n\n\n\n<blockquote class=\"wp-block-quote is-layout-flow wp-block-quote-is-layout-flow\">\n<p>\u201cMa\u00f1ana (hoy) vamos a recibir a una comitiva del presidente (estadounidense, Joe) Biden. Quiz\u00e1 ma\u00f1ana mismo estaremos dando informaci\u00f3n\u201d, se\u00f1al\u00f3 Sheinbaum en conferencia de prensa en Palacio Nacional.<\/p>\n<\/blockquote>\n\n\n\n<p>Detall\u00f3 que el encuentro con integrantes del Gobierno de Estados Unidos se llevar\u00e1 a cabo en la casa de campa\u00f1a, ubicada en la alcald\u00eda Iztapalapa.<\/p>\n\n\n\n<p>A pregunta expresa sobre si plantea viajar a Estados Unidos, Sheinbaum lo descart\u00f3, ya que ahora no lo tiene contemplado.<\/p>\n\n\n\n<p>Antes, Sheinbaum se reuni\u00f3 con el presidente Andr\u00e9s Manuel L\u00f3pez Obrador, d\u00f3nde aprovecharon para para acordar priorizar la discusi\u00f3n de cinco iniciativas, entre ellas la reforma para Poder Judicial.<\/p>\n\n\n\n<p>Fuente: El <a href=\"https:\/\/www.eluniversal.com.mx\/nacion\/claudia-sheinbaum-alista-reunion-con-comitiva-joe-biden-manana-en-casa-de-campana-de-iztapalapa\/\" data-type=\"link\" data-id=\"https:\/\/www.eluniversal.com.mx\/nacion\/claudia-sheinbaum-alista-reunion-con-comitiva-joe-biden-manana-en-casa-de-campana-de-iztapalapa\/\">Universal<\/a><\/p>\n\n\n\n<p><br><\/p>\n","protected":false},"excerpt":{"rendered":"<p>La virtual presidenta electa de M\u00e9xico, Claudia Sheinbaum, anunci\u00f3 este martes que se reunir\u00e1 con \u201cuna comitiva\u201d del gobierno del presidente estadounidense, Joe Biden. \u201cMa\u00f1ana (hoy) vamos a recibir a una comitiva del presidente (estadounidense, Joe) Biden. Quiz\u00e1 ma\u00f1ana mismo estaremos dando informaci\u00f3n\u201d, se\u00f1al\u00f3 Sheinbaum en conferencia de prensa en Palacio Nacional. Detall\u00f3 que el [&hellip;]<\/p>\n","protected":false},"author":35,"featured_media":151660,"comment_status":"open","ping_status":"open","sticky":false,"template":"","format":"standard","meta":{"_monsterinsights_skip_tracking":false,"_monsterinsights_sitenote_active":false,"_monsterinsights_sitenote_note":"","_monsterinsights_sitenote_category":0,"footnotes":""},"categories":[158],"tags":[2801,182,162],"class_list":["post-151658","post","type-post","status-publish","format-standard","has-post-thumbnail","hentry","category-politica","tag-claudia-sheinbaum","tag-joe-biden","tag-portada","wp-image-borders"],"amp_enabled":true,"_links":{"self":[{"href":"https:\/\/nvnoticias.mx\/index.php\/wp-json\/wp\/v2\/posts\/151658","targetHints":{"allow":["GET"]}}],"collection":[{"href":"https:\/\/nvnoticias.mx\/index.php\/wp-json\/wp\/v2\/posts"}],"about":[{"href":"https:\/\/nvnoticias.mx\/index.php\/wp-json\/wp\/v2\/types\/post"}],"author":[{"embeddable":true,"href":"https:\/\/nvnoticias.mx\/index.php\/wp-json\/wp\/v2\/users\/35"}],"replies":[{"embeddable":true,"href":"https:\/\/nvnoticias.mx\/index.php\/wp-json\/wp\/v2\/comments?post=151658"}],"version-history":[{"count":3,"href":"https:\/\/nvnoticias.mx\/index.php\/wp-json\/wp\/v2\/posts\/151658\/revisions"}],"predecessor-version":[{"id":151662,"href":"https:\/\/nvnoticias.mx\/index.php\/wp-json\/wp\/v2\/posts\/151658\/revisions\/151662"}],"wp:featuredmedia":[{"embeddable":true,"href":"https:\/\/nvnoticias.mx\/index.php\/wp-json\/wp\/v2\/media\/151660"}],"wp:attachment":[{"href":"https:\/\/nvnoticias.mx\/index.php\/wp-json\/wp\/v2\/media?parent=151658"}],"wp:term":[{"taxonomy":"category","embeddable":true,"href":"https:\/\/nvnoticias.mx\/index.php\/wp-json\/wp\/v2\/categories?post=151658"},{"taxonomy":"post_tag","embeddable":true,"href":"https:\/\/nvnoticias.mx\/index.php\/wp-json\/wp\/v2\/tags?post=151658"}],"curies":[{"name":"wp","href":"https:\/\/api.w.org\/{rel}","templated":true}]}}