{"id":15165,"date":"2021-06-04T10:10:21","date_gmt":"2021-06-04T15:10:21","guid":{"rendered":"https:\/\/nvnoticias.mx\/?p=15165"},"modified":"2021-06-04T10:36:42","modified_gmt":"2021-06-04T15:36:42","slug":"vacunas-donadas-por-eu-iran-a-frontera-norte","status":"publish","type":"post","link":"https:\/\/nvnoticias.mx\/index.php\/2021\/06\/04\/vacunas-donadas-por-eu-iran-a-frontera-norte\/","title":{"rendered":"Vacunas donadas por EU ir\u00e1n a frontera Norte para mexicanos"},"content":{"rendered":"\n<p>Al calificar como un gesto de solidaridad, el presidente Andr\u00e9s Manuel L\u00f3pez Obrador agradeci\u00f3 al gobierno de Estados Unidos el env\u00edo de un mill\u00f3n de vacunas Johnson &amp; Johnson contra el Covid-19 a M\u00e9xico e inform\u00f3 que estas ser\u00e1n para vacunar habitantes de 18 a 40 a\u00f1os que vivan en 40 municipios de la zona fronteriza de M\u00e9xico con Estados Unidos. <\/p>\n\n\n\n<p>En conferencia de prensa, el titular del Ejecutivo federal se\u00f1al\u00f3 que este plan de vacunar en esta zona es para que se abra la frontera \u201clo m\u00e1s pronto posible\u201d, por lo que adelant\u00f3 que se buscar\u00e1 obtener m\u00e1s dosis. <\/p>\n\n\n\n<p>El Mandatario federal manifest\u00f3 que la donaci\u00f3n de estas vacunas -que son de una sola dosis- es muestra de que la relaci\u00f3n entre M\u00e9xico y Estados Unidos es buena. <\/p>\n\n\n\n<blockquote class=\"wp-block-quote is-layout-flow wp-block-quote-is-layout-flow\"><p>\u201cEs un gesto de solidaridad que reconocemos mucho del gobierno de Estados Unidos, que ayer nos informaron, incluso de manera directa, la vicepresidenta Kamala Harris, de que van a enviarnos un mill\u00f3n de vacunas Johnson &amp; Johnson  que es una sola dosis y eso lo agradecemos mucho.  Confirma el que es buena nuestra relaci\u00f3n, es un planteamiento que hemos hecho de que hay que actuar con solidaridad, que todos tenemos que ayudarnos mutuamente\u201d. <\/p><\/blockquote>\n\n\n\n<p>Fuente: El universal<\/p>\n","protected":false},"excerpt":{"rendered":"<p>Al calificar como un gesto de solidaridad, el presidente Andr\u00e9s Manuel L\u00f3pez Obrador agradeci\u00f3 al gobierno de Estados Unidos el env\u00edo de un mill\u00f3n de vacunas Johnson &amp; Johnson contra el Covid-19 a M\u00e9xico e inform\u00f3 que estas ser\u00e1n para vacunar habitantes de 18 a 40 a\u00f1os que vivan en 40 municipios de la zona [&hellip;]<\/p>\n","protected":false},"author":6,"featured_media":7400,"comment_status":"open","ping_status":"open","sticky":false,"template":"","format":"standard","meta":{"_monsterinsights_skip_tracking":false,"_monsterinsights_sitenote_active":false,"_monsterinsights_sitenote_note":"","_monsterinsights_sitenote_category":0,"footnotes":""},"categories":[157],"tags":[188,175,183,162,403],"class_list":["post-15165","post","type-post","status-publish","format-standard","has-post-thumbnail","hentry","category-nacional","tag-amlo","tag-covid-19","tag-estados-unidos","tag-portada","tag-vacunas","wp-image-borders"],"amp_enabled":true,"_links":{"self":[{"href":"https:\/\/nvnoticias.mx\/index.php\/wp-json\/wp\/v2\/posts\/15165","targetHints":{"allow":["GET"]}}],"collection":[{"href":"https:\/\/nvnoticias.mx\/index.php\/wp-json\/wp\/v2\/posts"}],"about":[{"href":"https:\/\/nvnoticias.mx\/index.php\/wp-json\/wp\/v2\/types\/post"}],"author":[{"embeddable":true,"href":"https:\/\/nvnoticias.mx\/index.php\/wp-json\/wp\/v2\/users\/6"}],"replies":[{"embeddable":true,"href":"https:\/\/nvnoticias.mx\/index.php\/wp-json\/wp\/v2\/comments?post=15165"}],"version-history":[{"count":1,"href":"https:\/\/nvnoticias.mx\/index.php\/wp-json\/wp\/v2\/posts\/15165\/revisions"}],"predecessor-version":[{"id":15167,"href":"https:\/\/nvnoticias.mx\/index.php\/wp-json\/wp\/v2\/posts\/15165\/revisions\/15167"}],"wp:featuredmedia":[{"embeddable":true,"href":"https:\/\/nvnoticias.mx\/index.php\/wp-json\/wp\/v2\/media\/7400"}],"wp:attachment":[{"href":"https:\/\/nvnoticias.mx\/index.php\/wp-json\/wp\/v2\/media?parent=15165"}],"wp:term":[{"taxonomy":"category","embeddable":true,"href":"https:\/\/nvnoticias.mx\/index.php\/wp-json\/wp\/v2\/categories?post=15165"},{"taxonomy":"post_tag","embeddable":true,"href":"https:\/\/nvnoticias.mx\/index.php\/wp-json\/wp\/v2\/tags?post=15165"}],"curies":[{"name":"wp","href":"https:\/\/api.w.org\/{rel}","templated":true}]}}