{"id":151643,"date":"2024-06-10T17:48:51","date_gmt":"2024-06-10T23:48:51","guid":{"rendered":"https:\/\/nvnoticias.mx\/?p=151643"},"modified":"2024-06-10T17:48:54","modified_gmt":"2024-06-10T23:48:54","slug":"reportan-avance-de-70-por-ciento-de-la-plaza-del-heroismo-veracruzano","status":"publish","type":"post","link":"https:\/\/nvnoticias.mx\/index.php\/2024\/06\/10\/reportan-avance-de-70-por-ciento-de-la-plaza-del-heroismo-veracruzano\/","title":{"rendered":"Reportan avance de 70 por ciento de la Plaza del Hero\u00edsmo Veracruzano"},"content":{"rendered":"\n<p><\/p>\n\n\n\n<p><strong>Jes\u00fas Utrilla \/ NV Noticias<\/strong><\/p>\n\n\n\n<p>La construcci\u00f3n de la Plaza del Hero\u00edsmo Veracruzano lleva 70 por ciento de avance y se espera que est\u00e9 terminada a finales de este a\u00f1o, se\u00f1al\u00f3 el director de la Administraci\u00f3n del Sistema Portuario Nacional de Veracruz (Asipona), Carlos Ignacio Vel\u00e1zquez Tiscare\u00f1o. <\/p>\n\n\n\n<p>Aclar\u00f3 que no se desalojar\u00e1 a los artesanos que actualmente ocupan los locales del Mercado de Artesan\u00edas \u201cMiguel Alem\u00e1n Vald\u00e9s\u201d pero, ser\u00e1n reubicados temporalmente.<\/p>\n\n\n\n<blockquote class=\"wp-block-quote is-layout-flow wp-block-quote-is-layout-flow\">\n<p><em>\u201cNo se van a desalojar, no existe tal situaci\u00f3n. Hay un proyecto interesant\u00edsimo que beneficiar\u00e1 a la poblaci\u00f3n. La Plaza del Hero\u00edsmo Veracruzano est\u00e1 muy avanzada. Continuamos con las obras y las negociaciones con los locatarios van muy bien\u201d.<\/em><\/p>\n<\/blockquote>\n\n\n\n<p>Se trabaja para ofrecer certidumbre jur\u00eddica a los comerciantes, asegurando que no perder\u00e1n sus concesiones. <\/p>\n\n\n\n<p>Record\u00f3 que diversas autoridades est\u00e1n involucradas en la construcci\u00f3n de la plaza, y cada una est\u00e1 cumpliendo con su respectivo rol.<\/p>\n\n\n\n<blockquote class=\"wp-block-quote is-layout-flow wp-block-quote-is-layout-flow\">\n<p><em>\u201cHay mucha disposici\u00f3n por parte de ellos (los artesanos). Somos varias autoridades las que intervenimos aqu\u00ed y, en el caso de ASIPONA, no somos una autoridad, sino la instituci\u00f3n que est\u00e1 al frente del proyecto, aportando los recursos y llevando a cabo las obras&#8221;.<\/em><\/p>\n<\/blockquote>\n\n\n\n<p>Los trabajos de demolici\u00f3n ya concluyeron y ahora est\u00e1n enfocados en la construcci\u00f3n de la nueva obra. Indic\u00f3 que antes de proceder con la demolici\u00f3n de los locales, los artesanos ser\u00e1n reubicados provisionalmente en un lugar detr\u00e1s del Hotel Emporio de la ciudad.<\/p>\n\n\n\n<p>Vel\u00e1zquez Tiscare\u00f1o insisti\u00f3 en que la plaza p\u00fablica podr\u00eda estar lista este a\u00f1o, dado que el compromiso es entregarla durante la actual administraci\u00f3n federal, liderada por Andr\u00e9s Manuel L\u00f3pez Obrador.<\/p>\n","protected":false},"excerpt":{"rendered":"<p>Jes\u00fas Utrilla \/ NV Noticias La construcci\u00f3n de la Plaza del Hero\u00edsmo Veracruzano lleva 70 por ciento de avance y se espera que est\u00e9 terminada a finales de este a\u00f1o, se\u00f1al\u00f3 el director de la Administraci\u00f3n del Sistema Portuario Nacional de Veracruz (Asipona), Carlos Ignacio Vel\u00e1zquez Tiscare\u00f1o. Aclar\u00f3 que no se desalojar\u00e1 a los artesanos [&hellip;]<\/p>\n","protected":false},"author":8,"featured_media":151645,"comment_status":"open","ping_status":"open","sticky":false,"template":"","format":"standard","meta":{"_monsterinsights_skip_tracking":false,"_monsterinsights_sitenote_active":false,"_monsterinsights_sitenote_note":"","_monsterinsights_sitenote_category":0,"footnotes":""},"categories":[154],"tags":[6943,30237],"class_list":["post-151643","post","type-post","status-publish","format-standard","has-post-thumbnail","hentry","category-veracruz","tag-asipona","tag-plaza-heroismo-veracruzano","wp-image-borders"],"amp_enabled":true,"_links":{"self":[{"href":"https:\/\/nvnoticias.mx\/index.php\/wp-json\/wp\/v2\/posts\/151643","targetHints":{"allow":["GET"]}}],"collection":[{"href":"https:\/\/nvnoticias.mx\/index.php\/wp-json\/wp\/v2\/posts"}],"about":[{"href":"https:\/\/nvnoticias.mx\/index.php\/wp-json\/wp\/v2\/types\/post"}],"author":[{"embeddable":true,"href":"https:\/\/nvnoticias.mx\/index.php\/wp-json\/wp\/v2\/users\/8"}],"replies":[{"embeddable":true,"href":"https:\/\/nvnoticias.mx\/index.php\/wp-json\/wp\/v2\/comments?post=151643"}],"version-history":[{"count":2,"href":"https:\/\/nvnoticias.mx\/index.php\/wp-json\/wp\/v2\/posts\/151643\/revisions"}],"predecessor-version":[{"id":151647,"href":"https:\/\/nvnoticias.mx\/index.php\/wp-json\/wp\/v2\/posts\/151643\/revisions\/151647"}],"wp:featuredmedia":[{"embeddable":true,"href":"https:\/\/nvnoticias.mx\/index.php\/wp-json\/wp\/v2\/media\/151645"}],"wp:attachment":[{"href":"https:\/\/nvnoticias.mx\/index.php\/wp-json\/wp\/v2\/media?parent=151643"}],"wp:term":[{"taxonomy":"category","embeddable":true,"href":"https:\/\/nvnoticias.mx\/index.php\/wp-json\/wp\/v2\/categories?post=151643"},{"taxonomy":"post_tag","embeddable":true,"href":"https:\/\/nvnoticias.mx\/index.php\/wp-json\/wp\/v2\/tags?post=151643"}],"curies":[{"name":"wp","href":"https:\/\/api.w.org\/{rel}","templated":true}]}}