{"id":151606,"date":"2024-06-10T12:50:37","date_gmt":"2024-06-10T18:50:37","guid":{"rendered":"https:\/\/nvnoticias.mx\/?p=151606"},"modified":"2024-06-10T14:00:17","modified_gmt":"2024-06-10T20:00:17","slug":"asi-avanzan-las-obras-del-colector-en-el-centro-de-la-ciudad-de-veracruz","status":"publish","type":"post","link":"https:\/\/nvnoticias.mx\/index.php\/2024\/06\/10\/asi-avanzan-las-obras-del-colector-en-el-centro-de-la-ciudad-de-veracruz\/","title":{"rendered":"As\u00ed avanzan las obras del colector en el centro de la ciudad de Veracruz"},"content":{"rendered":"\n<p><\/p>\n\n\n\n<p><strong>Jes\u00fas Utrilla \/ NV Noticias<\/strong><\/p>\n\n\n\n<p>El Ayuntamiento de Veracruz ha comenzado a retirar el tablestacado instalado en el Z\u00f3calo, en la calle Miguel Lerdo, entre la avenida Independencia y Zaragoza. <\/p>\n\n\n\n<p>Esta estructura temporal se coloc\u00f3 durante la introducci\u00f3n de un colector pluvial destinado a evitar inundaciones en la temporada de lluvias. <\/p>\n\n\n\n<p>Aunque los trabajos en esta \u00e1rea est\u00e1n por concluir, las obras contin\u00faan sobre la calle Manuel Guti\u00e9rrez Zamora, tambi\u00e9n entre Independencia y Zaragoza, inform\u00f3 Julio C\u00e9sar D\u00edaz Torres, director de Obras P\u00fablicas del Ayuntamiento de Veracruz. <\/p>\n\n\n\n<p>D\u00edaz Torres explic\u00f3 que, mientras la zona de Lerdo se abrir\u00e1 pr\u00f3ximamente, los trabajos en la calle Zamora, paralela a la Catedral de Veracruz, continuar\u00e1n hasta despu\u00e9s de las fiestas carnestolendas.<\/p>\n\n\n\n<p>Actualmente, el personal del ayuntamiento est\u00e1 limpiando los cruces en Zaragoza, en \u00e1reas de agua potable y drenaje, con el objetivo de completar esa secci\u00f3n antes de avanzar al colector pluvial de Zaragoza.<\/p>\n\n\n\n<p>D\u00edaz Torres enfatiz\u00f3 que las labores se est\u00e1n realizando a marchas forzadas para anticiparse a la temporada de lluvias.<\/p>\n\n\n\n<blockquote class=\"wp-block-quote is-layout-flow wp-block-quote-is-layout-flow\">\n<p>\u201c<em>Estamos mejorando y rehabilitando toda la infraestructura pluvial y de agua y drenaje, adem\u00e1s de embellecer el primer cuadro de la ciudad. La calle Lerdo, incluyendo los Portales, est\u00e1 casi terminada y deber\u00eda abrirse en una semana<\/em>,&#8221; detall\u00f3.<\/p>\n<\/blockquote>\n\n\n\n<p>Aunque la parte de Landero y Cos ya est\u00e1 finalizada, el piso de los Portales se cambiar\u00e1 despu\u00e9s del Carnaval. Seg\u00fan D\u00edaz Torres, las obras en el centro hist\u00f3rico alcanzan un avance del 50 a 60 por ciento y se espera que est\u00e9n completamente terminadas entre septiembre y octubre.<\/p>\n\n\n\n<p>La inversi\u00f3n municipal asciende a 70 millones de pesos, destinada a la rehabilitaci\u00f3n de la infraestructura de red de agua, drenaje sanitario y pluvial, y al embellecimiento de la zona. <\/p>\n\n\n\n<p>Durante el Carnaval, se reforzar\u00e1 la protecci\u00f3n de las obras, abriendo la parte de Los Portales y manteniendo cerrada la calle Zamora sobre la Catedral.<\/p>\n","protected":false},"excerpt":{"rendered":"<p>Jes\u00fas Utrilla \/ NV Noticias El Ayuntamiento de Veracruz ha comenzado a retirar el tablestacado instalado en el Z\u00f3calo, en la calle Miguel Lerdo, entre la avenida Independencia y Zaragoza. Esta estructura temporal se coloc\u00f3 durante la introducci\u00f3n de un colector pluvial destinado a evitar inundaciones en la temporada de lluvias. Aunque los trabajos en [&hellip;]<\/p>\n","protected":false},"author":8,"featured_media":151609,"comment_status":"open","ping_status":"open","sticky":false,"template":"","format":"standard","meta":{"_monsterinsights_skip_tracking":false,"_monsterinsights_sitenote_active":false,"_monsterinsights_sitenote_note":"","_monsterinsights_sitenote_category":0,"footnotes":""},"categories":[154],"tags":[17036,2524,180],"class_list":["post-151606","post","type-post","status-publish","format-standard","has-post-thumbnail","hentry","category-veracruz","tag-colector-pluvial","tag-obra","tag-veracruz","wp-image-borders"],"amp_enabled":true,"_links":{"self":[{"href":"https:\/\/nvnoticias.mx\/index.php\/wp-json\/wp\/v2\/posts\/151606","targetHints":{"allow":["GET"]}}],"collection":[{"href":"https:\/\/nvnoticias.mx\/index.php\/wp-json\/wp\/v2\/posts"}],"about":[{"href":"https:\/\/nvnoticias.mx\/index.php\/wp-json\/wp\/v2\/types\/post"}],"author":[{"embeddable":true,"href":"https:\/\/nvnoticias.mx\/index.php\/wp-json\/wp\/v2\/users\/8"}],"replies":[{"embeddable":true,"href":"https:\/\/nvnoticias.mx\/index.php\/wp-json\/wp\/v2\/comments?post=151606"}],"version-history":[{"count":1,"href":"https:\/\/nvnoticias.mx\/index.php\/wp-json\/wp\/v2\/posts\/151606\/revisions"}],"predecessor-version":[{"id":151608,"href":"https:\/\/nvnoticias.mx\/index.php\/wp-json\/wp\/v2\/posts\/151606\/revisions\/151608"}],"wp:featuredmedia":[{"embeddable":true,"href":"https:\/\/nvnoticias.mx\/index.php\/wp-json\/wp\/v2\/media\/151609"}],"wp:attachment":[{"href":"https:\/\/nvnoticias.mx\/index.php\/wp-json\/wp\/v2\/media?parent=151606"}],"wp:term":[{"taxonomy":"category","embeddable":true,"href":"https:\/\/nvnoticias.mx\/index.php\/wp-json\/wp\/v2\/categories?post=151606"},{"taxonomy":"post_tag","embeddable":true,"href":"https:\/\/nvnoticias.mx\/index.php\/wp-json\/wp\/v2\/tags?post=151606"}],"curies":[{"name":"wp","href":"https:\/\/api.w.org\/{rel}","templated":true}]}}