{"id":151605,"date":"2024-06-10T12:46:26","date_gmt":"2024-06-10T18:46:26","guid":{"rendered":"https:\/\/nvnoticias.mx\/?p=151605"},"modified":"2024-06-10T12:46:27","modified_gmt":"2024-06-10T18:46:27","slug":"la-eleccion-en-cifras-y-saldos","status":"publish","type":"post","link":"https:\/\/nvnoticias.mx\/index.php\/2024\/06\/10\/la-eleccion-en-cifras-y-saldos\/","title":{"rendered":"La elecci\u00f3n en cifras y saldos"},"content":{"rendered":"\n<p><\/p>\n\n\n\n<p><strong>Por M\u00f3nica Mendoza Madrigal<\/strong><\/p>\n\n\n\n<p>Dijimos del 2 de Junio que ser\u00eda la elecci\u00f3n m\u00e1s grande de la historia y hoy \u2013una semana y un d\u00eda despu\u00e9s\u2013 la resaca sigue sabiendo muy amarga.<\/p>\n\n\n\n<p>Con una participaci\u00f3n total del 61 por ciento, esta nada despreciable cifra no lleg\u00f3 a la estimaci\u00f3n esperada por muy distintos factores, todos ellos importantes: un alto n\u00famero de personas indecisas que de \u00faltima hora prefirieron no ejercer su sufragio, hasta personas que se retiraron de las filas por la larga demora en la instalaci\u00f3n de muchas casillas que comenzaron a recibir votos hasta dos horas despu\u00e9s de lo indicado, generando una p\u00e9rdida de votantes no estimada a\u00fan.<\/p>\n\n\n\n<p>Para m\u00ed, lo m\u00e1s significativo de la elecci\u00f3n presidencial fue que 2 de 3 opciones postuladas fueran mujeres.<\/p>\n\n\n\n<p>En nuestro pa\u00eds hasta antes de esta elecci\u00f3n, solo hubo seis candidatas mujeres que contendieron en siete ocasiones, que son: Rosario Ibarra de Piedra (dos veces), Cecilia Soto, Marcela Lombardo, Patricia Mercado, Josefina V\u00e1zquez Mota y Margarita Zavala.<\/p>\n\n\n\n<p>El triunfo de Claudia Sheinbaum era ya previsible luego de sus tres a\u00f1os de campa\u00f1a pol\u00edtica, usando para promocionarse recursos oficiales y con todo el aparato de gobierno usado sin descanso en su favor; mientras que X\u00f3chitl G\u00e1lvez logr\u00f3 hacer en tan solo unos meses, lo que los partidos que la postularon dif\u00edcilmente habr\u00edan logrado por s\u00ed mismos: inspirar a un segmento de la poblaci\u00f3n, \u00e1vido de tener la posibilidad de construir otra realidad posible.<\/p>\n\n\n\n<p>No le menoscabo su triunfo a Claudia, que con ello se convertir\u00e1 en la primera mujer en presidir este pa\u00eds luego de 73 hombres, que desde Guadalupe Victoria hasta el actual mandatario, lo han gobernado. Pero es tambi\u00e9n necesario reconocer el esfuerzo realizado por X\u00f3chitl, candidata que atrajo la participaci\u00f3n de una sociedad civil que suele mantenerse al margen de los procesos electorales.<\/p>\n\n\n\n<p>Un an\u00e1lisis por dem\u00e1s interesante es el que hizo el peri\u00f3dico El Pa\u00eds sobre la forma en c\u00f3mo la ciudadan\u00eda vot\u00f3 por las tres opciones presidenciales y algunos de los datos que resaltan es que por Claudia votaron m\u00e1s hombres que mujeres, mientras que por X\u00f3chitl lo hicieron al rev\u00e9s, teniendo un porcentaje m\u00e1s o menos equilibrado en el voto que recibi\u00f3 M\u00e1ynez; mientras que las personas adultas mayores fueron quienes m\u00e1s votaron en favor de Claudia, siendo que por X\u00f3chitl votaron m\u00e1s personas arriba de los 45 a\u00f1os, mientras que M\u00e1ynez recibi\u00f3 mayor apoyo en las juventudes, a las que enfoc\u00f3 su campa\u00f1a.<\/p>\n\n\n\n<p>Sin querer entrar al elitismo que ha imperado en muchos de los discursos post elecci\u00f3n que han circulado los recientes d\u00edas en forma por dem\u00e1s irresponsable, hay factores importantes en la votaci\u00f3n que hay que hacer notar: por Claudia votaron m\u00e1s personas con educaci\u00f3n b\u00e1sica, con ingresos menores a los 10 mil pesos y aunque tuvo un fuerte respaldo por pr\u00e1cticamente todas las profesiones, obtuvo menor respaldo entre patrones y empleadores; mientras que X\u00f3chitl tuvo m\u00e1s respaldo de personas con educaci\u00f3n superior, ingresos mayores a 50 mil pesos y llama la atenci\u00f3n que entre las actividades productivas ella obtuvo m\u00e1s respaldo entre las personas desempleadas \u2013mismo porcentaje que Claudia, por cierto. Respecto a M\u00e1ynez, obtuvo un respaldo m\u00e1s o menos homog\u00e9neo en todos los segmentos analizados, teniendo un pico considerable entre el estudiantado.<\/p>\n\n\n\n<p>A\u00fan para quienes somos opositores, esa campa\u00f1a qued\u00f3 atr\u00e1s y el pa\u00eds nos necesita m\u00e1s que nunca a todas y a todos para ser el contrapeso que podr\u00eda perderse, ante la posibilidad de que procedan las reformas propuestas por el hoy presidente y que en caso de aprobarse, ser\u00edan el m\u00e1s pesado lastre jam\u00e1s heredado.<\/p>\n\n\n\n<p>Debo decir que me han preguntado mucho esta semana transcurrida en qu\u00e9 se le exige a la primera mujer presidenta y ah\u00ed debo ser muy clara: debe exig\u00edrseles a ellas lo mismo que se les exige a ellos, gobernar bien, tener integridad, responsabilidad p\u00fablica, actuar como estadistas. Subir la vara es generar una discriminaci\u00f3n que ser\u00eda desigual.<\/p>\n\n\n\n<p>Pero algo que ser mujer en tan alto cargo s\u00ed debe estar en la prioridad, es gobernar con perspectiva de g\u00e9nero. Hay una agenda urgente de temas pendientes que se perdieron en esta administraci\u00f3n, que es urgente recuperar.<\/p>\n\n\n\n<p>Y yo s\u00ed tengo una petici\u00f3n especial que hacerle. Dejar de maquillar las cifras de las violencias. Solo se podr\u00e1 actuar con responsabilidad p\u00fablica teniendo certeza del tama\u00f1o del problema. Y la manipulaci\u00f3n de datos solo genera confusiones que hacen da\u00f1o.<\/p>\n\n\n\n<p>Y tambi\u00e9n hay algo m\u00e1s: las mujeres somos constructoras de paz. Ya va siendo hora que termine esta deliberadamente construida polarizaci\u00f3n que nos ha fragmentado hasta rompernos. Nadie puede apostarle a que a la presidenta le vaya mal en su gesti\u00f3n, porque eso implicar\u00e1 desear que al pa\u00eds le vaya mal y esta patria es nuestra. Ha sobrevivido guerras, invasiones, saqueos y pobreza y a\u00fan con ello, sigue siendo grande.<\/p>\n\n\n\n<p>La aplanadora morenista que ni Echeverr\u00eda habr\u00eda so\u00f1ado tiene una presencia significativamente mayor en el Senado y C\u00e1mara de Diputados en sus legisladores y legisladoras que arribaron por voto directo y est\u00e1 abierto el debate de la asignaci\u00f3n de plurinominales, cifra final que habr\u00e1 de esperar a que concluyan las impugnaciones.<\/p>\n\n\n\n<p>En todo caso, es imperativo cuidar que no se incurra en sobrerrepresentaci\u00f3n, primero porque ello ser\u00eda de facto ilegal y luego porque desaparecer\u00edan los pocos equilibrios que podr\u00edan tenerse en un poder que ha perdido sus contrapesos.<\/p>\n\n\n\n<p>Y ah\u00ed tambi\u00e9n hay que cuidar otro factor de enorme relevancia: que se cumpla la paridad \u2013como lo mandata la ley\u2013 y trascender a la paridad, para que las mujeres legisladoras logren empujar iniciativas urgentes en la agenda de g\u00e9nero, que resulta impostergable.<\/p>\n\n\n\n<p>La misma presencia mayoritaria de personas postuladas por Morena y sus partidos coaligados se har\u00e1 presente en el Congreso veracruzano, en donde 16 mujeres obtuvieron el triunfo por mayor\u00eda, estando a\u00fan pendiente la asignaci\u00f3n de plurinominales. En todo caso, ojal\u00e1 la nueva Legislatura no incurra en la omisi\u00f3n c\u00f3mplice en la que ha incurrido la actual, que pasa a la historia como la peor de todas, sin una sola iniciativa en favor de las mujeres aprobada y con la peor productividad legislativa de esta clase pol\u00edtica que mantiene su control.<\/p>\n\n\n\n<p>Por lo que respecta a las nueve gubernaturas disputadas en esta elecci\u00f3n, en cuatro de nueve obtuvo el triunfo una mujer, siendo que \u2013al menos en el caso de Veracruz\u2013 se impugnar\u00e1 el proceso ante la serie de anomal\u00edas suscitadas durante la jornada y que han sido consignadas como inconsistencias.<\/p>\n\n\n\n<p>De tal manera que los nombres de Clara Brugada, Libia Garc\u00eda Mu\u00f1oz Ledo, Margarita Gonz\u00e1lez Saravia Calder\u00f3n y \u2013en todo caso\u2013 el de Roc\u00edo Nahle, habr\u00e1n de sumarse a los de Marina del Pilar \u00c1vila, Indira Vizca\u00edno, Delfina G\u00f3mez, Evelyn Salgado, Lorena Cu\u00e9llar, Layda Sansores, Maru Campos, Mara Lezama y Tere Jim\u00e9nez. La nueva circunstancia pol\u00edtica que la paridad ha tra\u00eddo a nuestro pa\u00eds hace que estas 13 mujeres rebasen la lista de las nueve que antes de hoy han gobernado entidades federativas en nuestro pa\u00eds y cuyos nombres han pasado a la historia como pioneras de la participaci\u00f3n pol\u00edtica, siendo ellas: Griselda \u00c1lvarez, Beatriz Paredes Rangel, Dulce Mar\u00eda Sauri Riancho, Rosario Robles, Amalia Garc\u00eda Medina, Ivonne Ortega Pacheco, Claudia Pavlovich Arellano, Claudia Sheinbaum Pardo y Martha \u00c9rika Alonso Hidalgo, que aunque no gobern\u00f3 pues muri\u00f3 en un accidente a\u00e9reo, fue electa para gobernar Puebla.<\/p>\n\n\n\n<p>La elecci\u00f3n del pasado domingo tambi\u00e9n rompi\u00f3 otros techos de cristal importantes. Se eligi\u00f3 a siete mujeres alcaldesas que gobernar\u00e1n ciudades principales, entre las que destacan seis capitales estatales, lo que supera aquella constante en la que las mujeres gobernaban fundamentalmente ciudades peque\u00f1as, con poca poblaci\u00f3n y escaso presupuesto.<\/p>\n\n\n\n<p>Otro hito es que por primera vez la Ciudad de M\u00e9xico tendr\u00e1 al frente de sus 16 alcald\u00edas a ocho mujeres.<\/p>\n\n\n\n<p>La gran pregunta a formular es la que constituye el gran reto que tenemos en este momento. \u00bfQu\u00e9 hay m\u00e1s all\u00e1 de la paridad? Lo que necesitamos es que implementen pol\u00edticas p\u00fablicas con perspectiva de g\u00e9nero, con enfoque interseccional y en apego a los derechos humanos, todo ello en pos de alcanzar la igualdad sustantiva. En palabras llanas, que las mujeres a las que se gobierna, disminuyan la desigualdad que padecen, dejen de ser v\u00edctimas de violencia y tengan acceso pleno al desarrollo.<\/p>\n\n\n\n<p>Aqu\u00ed el problema es que \u2013como bien sabemos\u2013 \u201ccuerpo de mujer, no garantiza conciencia de g\u00e9nero\u201d.<\/p>\n","protected":false},"excerpt":{"rendered":"<p>Por M\u00f3nica Mendoza Madrigal Dijimos del 2 de Junio que ser\u00eda la elecci\u00f3n m\u00e1s grande de la historia y hoy \u2013una semana y un d\u00eda despu\u00e9s\u2013 la resaca sigue sabiendo muy amarga. Con una participaci\u00f3n total del 61 por ciento, esta nada despreciable cifra no lleg\u00f3 a la estimaci\u00f3n esperada por muy distintos factores, todos [&hellip;]<\/p>\n","protected":false},"author":34,"featured_media":115943,"comment_status":"open","ping_status":"open","sticky":false,"template":"","format":"standard","meta":{"_monsterinsights_skip_tracking":false,"_monsterinsights_sitenote_active":false,"_monsterinsights_sitenote_note":"","_monsterinsights_sitenote_category":0,"footnotes":""},"categories":[1031],"tags":[1033],"class_list":["post-151605","post","type-post","status-publish","format-standard","has-post-thumbnail","hentry","category-laagendadelasmujeres","tag-monica-mendoza-madrigal","wp-image-borders"],"amp_enabled":true,"_links":{"self":[{"href":"https:\/\/nvnoticias.mx\/index.php\/wp-json\/wp\/v2\/posts\/151605","targetHints":{"allow":["GET"]}}],"collection":[{"href":"https:\/\/nvnoticias.mx\/index.php\/wp-json\/wp\/v2\/posts"}],"about":[{"href":"https:\/\/nvnoticias.mx\/index.php\/wp-json\/wp\/v2\/types\/post"}],"author":[{"embeddable":true,"href":"https:\/\/nvnoticias.mx\/index.php\/wp-json\/wp\/v2\/users\/34"}],"replies":[{"embeddable":true,"href":"https:\/\/nvnoticias.mx\/index.php\/wp-json\/wp\/v2\/comments?post=151605"}],"version-history":[{"count":1,"href":"https:\/\/nvnoticias.mx\/index.php\/wp-json\/wp\/v2\/posts\/151605\/revisions"}],"predecessor-version":[{"id":151607,"href":"https:\/\/nvnoticias.mx\/index.php\/wp-json\/wp\/v2\/posts\/151605\/revisions\/151607"}],"wp:featuredmedia":[{"embeddable":true,"href":"https:\/\/nvnoticias.mx\/index.php\/wp-json\/wp\/v2\/media\/115943"}],"wp:attachment":[{"href":"https:\/\/nvnoticias.mx\/index.php\/wp-json\/wp\/v2\/media?parent=151605"}],"wp:term":[{"taxonomy":"category","embeddable":true,"href":"https:\/\/nvnoticias.mx\/index.php\/wp-json\/wp\/v2\/categories?post=151605"},{"taxonomy":"post_tag","embeddable":true,"href":"https:\/\/nvnoticias.mx\/index.php\/wp-json\/wp\/v2\/tags?post=151605"}],"curies":[{"name":"wp","href":"https:\/\/api.w.org\/{rel}","templated":true}]}}