{"id":1516,"date":"2021-01-18T12:28:53","date_gmt":"2021-01-18T18:28:53","guid":{"rendered":"https:\/\/nvnoticias.mx\/?p=1516"},"modified":"2021-01-18T12:28:54","modified_gmt":"2021-01-18T18:28:54","slug":"asesinato-de-12-personas-en-el-sur-fue-por-conflicto-entre-ganaderos-cuitlahuac","status":"publish","type":"post","link":"https:\/\/nvnoticias.mx\/index.php\/2021\/01\/18\/asesinato-de-12-personas-en-el-sur-fue-por-conflicto-entre-ganaderos-cuitlahuac\/","title":{"rendered":"Asesinato de 12 personas en el sur fue por conflicto entre ganaderos: Cuitl\u00e1huac"},"content":{"rendered":"\n<p><strong>Sam Ojeda \/ NV noticias<\/strong><\/p>\n\n\n\n<p>Xalapa.- La pugna entre un grupo de ganaderos de la zona sur del estado deriv\u00f3 en el asesinato de 12 personas en Las Choapas, se\u00f1al\u00f3 el gobernador de Veracruz, Cuitl\u00e1huac Garc\u00eda Jim\u00e9nez.<\/p>\n\n\n\n<p>Tras encabezar la mesa para la construcci\u00f3n de la paz, el mandatario dijo que los primeros indicios de esta investigaci\u00f3n se\u00f1alan que hubo una <strong>divisi\u00f3n entre ganaderos que provoc\u00f3 amenazas y en este caso el asesinato de 12 personas<\/strong>.<\/p>\n\n\n\n<blockquote class=\"wp-block-quote is-layout-flow wp-block-quote-is-layout-flow\"><p>\u201cLas primeras indagaciones apuntan a que un mismo grupo de ganaderos y sus ayudantes en la zona entre Las Choapas y el Uxpanapa se dividieron. Los abusos y amenazas entre unos y otros provoc\u00f3 un enfrentamiento entre ellos y tuvo ese lamentable desenlace\u201d.<\/p><\/blockquote>\n\n\n\n<p>Cabe destacar que los cad\u00e1veres fueron hallados con <strong>huellas de tortura y maniatados <\/strong>en una carretera de terracer\u00eda en Las Choapas. Ante ello, Garc\u00eda Jim\u00e9nez asegur\u00f3 que estos hechos no quedar\u00e1n impunes porque no se puede hacer justicia por su propia mano.<\/p>\n\n\n\n<blockquote class=\"wp-block-quote is-layout-flow wp-block-quote-is-layout-flow\"><p>\u201cNo permitiremos que hechos tan lamentables como el sucedido en una comunidad de Las Choapas, queden impunes. Debe quedar muy claro: nunca podr\u00e1 hacerse justicia por propia mano ni ser\u00e1 la comisi\u00f3n de otros delitos la soluci\u00f3n a los problemas entre grupos\u201d.<\/p><\/blockquote>\n\n\n\n<p>Se\u00f1al\u00f3 que en esa zona del estado&nbsp; se reforzaron los operativos de la Secretar\u00eda de Seguridad P\u00fablica (SSP) que estableci\u00f3 puestos de revisi\u00f3n y patrullajes permanentes.<\/p>\n\n\n\n<blockquote class=\"wp-block-quote is-layout-flow wp-block-quote-is-layout-flow\"><p>\u00a0\u201cReforzaremos la zona y no permitiremos venganzas. Se har\u00e1 justicia y colaboraremos con las instancias correspondientes tanto de procuraci\u00f3n de la justicia como del Poder Judicial al que exhortaremos a una actuaci\u00f3n pronta y expedita\u201d.<\/p><\/blockquote>\n","protected":false},"excerpt":{"rendered":"<p>Sam Ojeda \/ NV noticias Xalapa.- La pugna entre un grupo de ganaderos de la zona sur del estado deriv\u00f3 en el asesinato de 12 personas en Las Choapas, se\u00f1al\u00f3 el gobernador de Veracruz, Cuitl\u00e1huac Garc\u00eda Jim\u00e9nez. Tras encabezar la mesa para la construcci\u00f3n de la paz, el mandatario dijo que los primeros indicios de [&hellip;]<\/p>\n","protected":false},"author":6,"featured_media":1517,"comment_status":"open","ping_status":"open","sticky":false,"template":"","format":"standard","meta":{"_monsterinsights_skip_tracking":false,"_monsterinsights_sitenote_active":false,"_monsterinsights_sitenote_note":"","_monsterinsights_sitenote_category":0,"footnotes":""},"categories":[156],"tags":[511,289,162,180],"class_list":["post-1516","post","type-post","status-publish","format-standard","has-post-thumbnail","hentry","category-estado","tag-conflicto","tag-cuitlahuac-garcia","tag-portada","tag-veracruz","wp-image-borders"],"amp_enabled":true,"_links":{"self":[{"href":"https:\/\/nvnoticias.mx\/index.php\/wp-json\/wp\/v2\/posts\/1516","targetHints":{"allow":["GET"]}}],"collection":[{"href":"https:\/\/nvnoticias.mx\/index.php\/wp-json\/wp\/v2\/posts"}],"about":[{"href":"https:\/\/nvnoticias.mx\/index.php\/wp-json\/wp\/v2\/types\/post"}],"author":[{"embeddable":true,"href":"https:\/\/nvnoticias.mx\/index.php\/wp-json\/wp\/v2\/users\/6"}],"replies":[{"embeddable":true,"href":"https:\/\/nvnoticias.mx\/index.php\/wp-json\/wp\/v2\/comments?post=1516"}],"version-history":[{"count":1,"href":"https:\/\/nvnoticias.mx\/index.php\/wp-json\/wp\/v2\/posts\/1516\/revisions"}],"predecessor-version":[{"id":1518,"href":"https:\/\/nvnoticias.mx\/index.php\/wp-json\/wp\/v2\/posts\/1516\/revisions\/1518"}],"wp:featuredmedia":[{"embeddable":true,"href":"https:\/\/nvnoticias.mx\/index.php\/wp-json\/wp\/v2\/media\/1517"}],"wp:attachment":[{"href":"https:\/\/nvnoticias.mx\/index.php\/wp-json\/wp\/v2\/media?parent=1516"}],"wp:term":[{"taxonomy":"category","embeddable":true,"href":"https:\/\/nvnoticias.mx\/index.php\/wp-json\/wp\/v2\/categories?post=1516"},{"taxonomy":"post_tag","embeddable":true,"href":"https:\/\/nvnoticias.mx\/index.php\/wp-json\/wp\/v2\/tags?post=1516"}],"curies":[{"name":"wp","href":"https:\/\/api.w.org\/{rel}","templated":true}]}}