{"id":151589,"date":"2024-06-10T10:46:58","date_gmt":"2024-06-10T16:46:58","guid":{"rendered":"https:\/\/nvnoticias.mx\/?p=151589"},"modified":"2024-06-10T10:47:00","modified_gmt":"2024-06-10T16:47:00","slug":"inicia-hoy-el-plazo-para-que-oposicion-impugne-comicios","status":"publish","type":"post","link":"https:\/\/nvnoticias.mx\/index.php\/2024\/06\/10\/inicia-hoy-el-plazo-para-que-oposicion-impugne-comicios\/","title":{"rendered":"Inicia hoy el plazo para que oposici\u00f3n impugne comicios"},"content":{"rendered":"\n<p>A partir de hoy, X\u00f3chitl G\u00e1lvez y los partidos que la postularon tienen cuatro d\u00edas para acudir ante el Tribunal Electoral a impugnar el triunfo de Claudia Sheinbaum, acusar inequidad por la intervenci\u00f3n del presidente Andr\u00e9s Manuel L\u00f3pez Obrador o la presunta injerencia del crimen organizado.<\/p>\n\n\n\n<p>Despu\u00e9s de que este domingo el INE cerr\u00f3 con la declaratoria de los resultados legales de la elecci\u00f3n federal que incluye la presidencial, la de C\u00e1mara de Diputados y el Senado, la Sala Superior del Tribunal Electoral del Poder Judicial de la Federaci\u00f3n toma las riendas hasta declarar a Claudia Sheinbaum presidenta electa.<\/p>\n\n\n\n<p>En entrevista, el magistrado Felipe de la Mata Piza\u00f1a explic\u00f3 el proceso que viene para la Sala Superior, las rutas de las impugnaciones que se puedan presentar y el reto de convocar a una sexta magistratura para declarar la validez de la elecci\u00f3n presidencial ante el incumplimiento del Senado de nombrar vacantes.<\/p>\n\n\n\n<blockquote class=\"wp-block-quote is-layout-flow wp-block-quote-is-layout-flow\">\n<p>\u201cNo quiero hacer ning\u00fan prejuicio, no puedo pronunciarme, pero voy a decir algo evidente: las elecciones como eran en mi infancia en los a\u00f1os 80, con una Comisi\u00f3n Federal Electoral presidida por el secretario de Gobernaci\u00f3n, con decisiones con argumentos pol\u00edticos, esas elecciones son cosas del pasado. La ciudadan\u00eda sabe perfectamente que las instituciones electorales son s\u00f3lidas\u201d, puntualiz\u00f3.<\/p>\n<\/blockquote>\n\n\n\n<p>Fuente: <a href=\"https:\/\/www.milenio.com\/politica\/inicia-hoy-el-plazo-para-que-oposicion-impugne-comicios\" data-type=\"link\" data-id=\"https:\/\/www.milenio.com\/politica\/inicia-hoy-el-plazo-para-que-oposicion-impugne-comicios\">Milenio<\/a><br><\/p>\n","protected":false},"excerpt":{"rendered":"<p>A partir de hoy, X\u00f3chitl G\u00e1lvez y los partidos que la postularon tienen cuatro d\u00edas para acudir ante el Tribunal Electoral a impugnar el triunfo de Claudia Sheinbaum, acusar inequidad por la intervenci\u00f3n del presidente Andr\u00e9s Manuel L\u00f3pez Obrador o la presunta injerencia del crimen organizado. Despu\u00e9s de que este domingo el INE cerr\u00f3 con [&hellip;]<\/p>\n","protected":false},"author":35,"featured_media":148894,"comment_status":"open","ping_status":"open","sticky":false,"template":"","format":"standard","meta":{"_monsterinsights_skip_tracking":false,"_monsterinsights_sitenote_active":false,"_monsterinsights_sitenote_note":"","_monsterinsights_sitenote_category":0,"footnotes":""},"categories":[158],"tags":[30230,9065,2855,13981],"class_list":["post-151589","post","type-post","status-publish","format-standard","has-post-thumbnail","hentry","category-politica","tag-impugne","tag-inicia","tag-oposicion","tag-plazo","wp-image-borders"],"amp_enabled":true,"_links":{"self":[{"href":"https:\/\/nvnoticias.mx\/index.php\/wp-json\/wp\/v2\/posts\/151589","targetHints":{"allow":["GET"]}}],"collection":[{"href":"https:\/\/nvnoticias.mx\/index.php\/wp-json\/wp\/v2\/posts"}],"about":[{"href":"https:\/\/nvnoticias.mx\/index.php\/wp-json\/wp\/v2\/types\/post"}],"author":[{"embeddable":true,"href":"https:\/\/nvnoticias.mx\/index.php\/wp-json\/wp\/v2\/users\/35"}],"replies":[{"embeddable":true,"href":"https:\/\/nvnoticias.mx\/index.php\/wp-json\/wp\/v2\/comments?post=151589"}],"version-history":[{"count":1,"href":"https:\/\/nvnoticias.mx\/index.php\/wp-json\/wp\/v2\/posts\/151589\/revisions"}],"predecessor-version":[{"id":151595,"href":"https:\/\/nvnoticias.mx\/index.php\/wp-json\/wp\/v2\/posts\/151589\/revisions\/151595"}],"wp:featuredmedia":[{"embeddable":true,"href":"https:\/\/nvnoticias.mx\/index.php\/wp-json\/wp\/v2\/media\/148894"}],"wp:attachment":[{"href":"https:\/\/nvnoticias.mx\/index.php\/wp-json\/wp\/v2\/media?parent=151589"}],"wp:term":[{"taxonomy":"category","embeddable":true,"href":"https:\/\/nvnoticias.mx\/index.php\/wp-json\/wp\/v2\/categories?post=151589"},{"taxonomy":"post_tag","embeddable":true,"href":"https:\/\/nvnoticias.mx\/index.php\/wp-json\/wp\/v2\/tags?post=151589"}],"curies":[{"name":"wp","href":"https:\/\/api.w.org\/{rel}","templated":true}]}}