{"id":151574,"date":"2024-06-10T10:25:47","date_gmt":"2024-06-10T16:25:47","guid":{"rendered":"https:\/\/nvnoticias.mx\/?p=151574"},"modified":"2024-06-10T10:25:49","modified_gmt":"2024-06-10T16:25:49","slug":"amlo-alista-reunion-hoy-con-sheinbaum-en-palacio-nacional","status":"publish","type":"post","link":"https:\/\/nvnoticias.mx\/index.php\/2024\/06\/10\/amlo-alista-reunion-hoy-con-sheinbaum-en-palacio-nacional\/","title":{"rendered":"AMLO alista reuni\u00f3n hoy con Sheinbaum en Palacio Nacional"},"content":{"rendered":"\n<p>El presidente Andr\u00e9s Manuel L\u00f3pez Obrador inform\u00f3 que alista la tarde de hoy, a las 14:30 horas en Palacio Nacional, un encuentro y una comida con la virtual presidenta electa Claudia Sheinbaum.<\/p>\n\n\n\n<p>\u201cVamos a platicar y a comer, vamos a tratar el tema de la transici\u00f3n, de la entrega recepci\u00f3n, ponernos de acuerdo\u201d, dijo L\u00f3pez Obrador en su conferencia ma\u00f1anera de este lunes 10 de junio en Palacio Nacional.<\/p>\n\n\n\n<p>\u201cLa voy a invitar para ir juntos a algunas regiones del pa\u00eds, a ver si su agenda lo permite porque tiene ella mucho trabajo, la conozco y s\u00e9 que est\u00e1 ocupada haciendo ya sus planes y eso es muy bueno\u201d, mencion\u00f3 el Presidente.<\/p>\n\n\n\n<p>L\u00f3pez Obrador mencion\u00f3 que Sheinbaum no le dar\u00e1 a conocer su equipo de transici\u00f3n: \u201cVamos a platicar y vamos a ver qu\u00e9 hacemos\u201d. Indic\u00f3 que le gustar\u00eda que ella exponga \u201clo del encuentro\u201d.<\/p>\n\n\n\n<p>\u201cA todos los que triunfaron\u201d, el presidente L\u00f3pez Obrador recomend\u00f3 que si est\u00e1n cansados \u201cporque fatiga, agota, el proceso electoral, pero pues un fin de semana nada m\u00e1s de descanso, sobre todo con la familia, no tanto tiempo, y a trabajar\u201d.<\/p>\n\n\n\n<p>Fuente: El <a href=\"https:\/\/www.eluniversal.com.mx\/nacion\/amlo-alista-reunion-hoy-con-sheinbaum-en-palacio-nacional-para-tratar-el-tema-de-la-transicion\/\" data-type=\"link\" data-id=\"https:\/\/www.eluniversal.com.mx\/nacion\/amlo-alista-reunion-hoy-con-sheinbaum-en-palacio-nacional-para-tratar-el-tema-de-la-transicion\/\">Universal<\/a><br><\/p>\n","protected":false},"excerpt":{"rendered":"<p>El presidente Andr\u00e9s Manuel L\u00f3pez Obrador inform\u00f3 que alista la tarde de hoy, a las 14:30 horas en Palacio Nacional, un encuentro y una comida con la virtual presidenta electa Claudia Sheinbaum. \u201cVamos a platicar y a comer, vamos a tratar el tema de la transici\u00f3n, de la entrega recepci\u00f3n, ponernos de acuerdo\u201d, dijo L\u00f3pez [&hellip;]<\/p>\n","protected":false},"author":35,"featured_media":121264,"comment_status":"open","ping_status":"open","sticky":false,"template":"","format":"standard","meta":{"_monsterinsights_skip_tracking":false,"_monsterinsights_sitenote_active":false,"_monsterinsights_sitenote_note":"","_monsterinsights_sitenote_category":0,"footnotes":""},"categories":[157],"tags":[188,2801,162],"class_list":["post-151574","post","type-post","status-publish","format-standard","has-post-thumbnail","hentry","category-nacional","tag-amlo","tag-claudia-sheinbaum","tag-portada","wp-image-borders"],"amp_enabled":true,"_links":{"self":[{"href":"https:\/\/nvnoticias.mx\/index.php\/wp-json\/wp\/v2\/posts\/151574","targetHints":{"allow":["GET"]}}],"collection":[{"href":"https:\/\/nvnoticias.mx\/index.php\/wp-json\/wp\/v2\/posts"}],"about":[{"href":"https:\/\/nvnoticias.mx\/index.php\/wp-json\/wp\/v2\/types\/post"}],"author":[{"embeddable":true,"href":"https:\/\/nvnoticias.mx\/index.php\/wp-json\/wp\/v2\/users\/35"}],"replies":[{"embeddable":true,"href":"https:\/\/nvnoticias.mx\/index.php\/wp-json\/wp\/v2\/comments?post=151574"}],"version-history":[{"count":1,"href":"https:\/\/nvnoticias.mx\/index.php\/wp-json\/wp\/v2\/posts\/151574\/revisions"}],"predecessor-version":[{"id":151575,"href":"https:\/\/nvnoticias.mx\/index.php\/wp-json\/wp\/v2\/posts\/151574\/revisions\/151575"}],"wp:featuredmedia":[{"embeddable":true,"href":"https:\/\/nvnoticias.mx\/index.php\/wp-json\/wp\/v2\/media\/121264"}],"wp:attachment":[{"href":"https:\/\/nvnoticias.mx\/index.php\/wp-json\/wp\/v2\/media?parent=151574"}],"wp:term":[{"taxonomy":"category","embeddable":true,"href":"https:\/\/nvnoticias.mx\/index.php\/wp-json\/wp\/v2\/categories?post=151574"},{"taxonomy":"post_tag","embeddable":true,"href":"https:\/\/nvnoticias.mx\/index.php\/wp-json\/wp\/v2\/tags?post=151574"}],"curies":[{"name":"wp","href":"https:\/\/api.w.org\/{rel}","templated":true}]}}