{"id":151550,"date":"2024-06-10T05:30:00","date_gmt":"2024-06-10T11:30:00","guid":{"rendered":"https:\/\/nvnoticias.mx\/?p=151550"},"modified":"2024-06-10T01:48:15","modified_gmt":"2024-06-10T07:48:15","slug":"milei-elogia-avance-de-ultraderecha-en-europa","status":"publish","type":"post","link":"https:\/\/nvnoticias.mx\/index.php\/2024\/06\/10\/milei-elogia-avance-de-ultraderecha-en-europa\/","title":{"rendered":"Milei elogia avance de ultraderecha en Europa"},"content":{"rendered":"\n<p>L\u00edderes latinoamericanos reaccionaron a las elecciones para el Parlamento Europeo, en las que se impuso la centroderecha, pero la ultraderecha avanz\u00f3 a paso firme. El presidente argentino, Javier Milei, elogi\u00f3 los resultados, mientras que su par colombiano, Gustavo Petro, critic\u00f3 lo que llam\u00f3 &#8220;ascenso del fascismo&#8221;.<\/p>\n\n\n\n<blockquote class=\"wp-block-quote is-layout-flow wp-block-quote-is-layout-flow\">\n<p>&#8220;Tremendo avance de las nuevas derechas en Europa\u201d, poste\u00f3 Milei en su cuenta en X. \u201cLas nuevas derechas han arrasado en las elecciones europeas y le han puesto un freno a todos aquellos que empujan la Agenda 2030, una agenda inhumana dise\u00f1ada por bur\u00f3cratas, para beneficio de bur\u00f3cratas\u201d.<\/p>\n<\/blockquote>\n\n\n\n<p>A continuaci\u00f3n, record\u00f3 su exposici\u00f3n en el Foro de Davos.<\/p>\n\n\n\n<blockquote class=\"wp-block-quote is-layout-flow wp-block-quote-is-layout-flow\">\n<p> \u201cLes dijimos que de continuar este rumbo Occidente se encaminaba a su extinci\u00f3n\u201d, dijo. Y agreg\u00f3: \u201cLos pueblos de Europa han hablado y han revalidado con su voto nuestra visi\u00f3n, a pesar de los llantos de los progresistas locales e internacionales, periodistas y pol\u00edticos que cuestionaron el nuevo posicionamiento de Argentina para disfrazar sus intenciones globalistas\u201d.<\/p>\n<\/blockquote>\n\n\n\n<blockquote class=\"wp-block-quote is-layout-flow wp-block-quote-is-layout-flow\">\n<p>\u201cRevisen quienes atacaron con vehemencia nuestro discurso y encontrar\u00e1n all\u00ed los representantes en la Argentina de esa agenda nefasta que hoy ha sufrido una enorme derrota\u201d, propuso.<\/p>\n<\/blockquote>\n\n\n\n<p>Milei reposte\u00f3 adem\u00e1s comentarios de usuarios que le atribuyen el resultado conseguido por la ultraderecha en las elecciones europeas. &#8220;Efecto Milei en Europa. Aplastante derrota de la izquierda\u201d, poste\u00f3 uno de los usuarios cuyo mensaje fue retuiteado por Milei.<\/p>\n\n\n\n<p>Fuente: El <a href=\"https:\/\/www.eluniversal.com.mx\/mundo\/milei-elogia-avance-de-ultraderecha-en-europa-petro-lamenta-ascenso-del-fascismo\/\" data-type=\"link\" data-id=\"https:\/\/www.eluniversal.com.mx\/mundo\/milei-elogia-avance-de-ultraderecha-en-europa-petro-lamenta-ascenso-del-fascismo\/\">Universal<\/a><br><\/p>\n","protected":false},"excerpt":{"rendered":"<p>L\u00edderes latinoamericanos reaccionaron a las elecciones para el Parlamento Europeo, en las que se impuso la centroderecha, pero la ultraderecha avanz\u00f3 a paso firme. El presidente argentino, Javier Milei, elogi\u00f3 los resultados, mientras que su par colombiano, Gustavo Petro, critic\u00f3 lo que llam\u00f3 &#8220;ascenso del fascismo&#8221;. &#8220;Tremendo avance de las nuevas derechas en Europa\u201d, poste\u00f3 [&hellip;]<\/p>\n","protected":false},"author":35,"featured_media":117634,"comment_status":"open","ping_status":"open","sticky":false,"template":"","format":"standard","meta":{"_monsterinsights_skip_tracking":false,"_monsterinsights_sitenote_active":false,"_monsterinsights_sitenote_note":"","_monsterinsights_sitenote_category":0,"footnotes":""},"categories":[181],"tags":[2838,27223],"class_list":["post-151550","post","type-post","status-publish","format-standard","has-post-thumbnail","hentry","category-internacional","tag-europa","tag-javier-milei","wp-image-borders"],"amp_enabled":true,"_links":{"self":[{"href":"https:\/\/nvnoticias.mx\/index.php\/wp-json\/wp\/v2\/posts\/151550","targetHints":{"allow":["GET"]}}],"collection":[{"href":"https:\/\/nvnoticias.mx\/index.php\/wp-json\/wp\/v2\/posts"}],"about":[{"href":"https:\/\/nvnoticias.mx\/index.php\/wp-json\/wp\/v2\/types\/post"}],"author":[{"embeddable":true,"href":"https:\/\/nvnoticias.mx\/index.php\/wp-json\/wp\/v2\/users\/35"}],"replies":[{"embeddable":true,"href":"https:\/\/nvnoticias.mx\/index.php\/wp-json\/wp\/v2\/comments?post=151550"}],"version-history":[{"count":1,"href":"https:\/\/nvnoticias.mx\/index.php\/wp-json\/wp\/v2\/posts\/151550\/revisions"}],"predecessor-version":[{"id":151551,"href":"https:\/\/nvnoticias.mx\/index.php\/wp-json\/wp\/v2\/posts\/151550\/revisions\/151551"}],"wp:featuredmedia":[{"embeddable":true,"href":"https:\/\/nvnoticias.mx\/index.php\/wp-json\/wp\/v2\/media\/117634"}],"wp:attachment":[{"href":"https:\/\/nvnoticias.mx\/index.php\/wp-json\/wp\/v2\/media?parent=151550"}],"wp:term":[{"taxonomy":"category","embeddable":true,"href":"https:\/\/nvnoticias.mx\/index.php\/wp-json\/wp\/v2\/categories?post=151550"},{"taxonomy":"post_tag","embeddable":true,"href":"https:\/\/nvnoticias.mx\/index.php\/wp-json\/wp\/v2\/tags?post=151550"}],"curies":[{"name":"wp","href":"https:\/\/api.w.org\/{rel}","templated":true}]}}