{"id":151548,"date":"2024-06-10T05:10:00","date_gmt":"2024-06-10T11:10:00","guid":{"rendered":"https:\/\/nvnoticias.mx\/?p=151548"},"modified":"2024-06-10T09:37:07","modified_gmt":"2024-06-10T15:37:07","slug":"si-no-hay-suprema-corte-independiente-entrariamos-en-un-autoritarismo-irremediable-luis-maria-aguilar","status":"publish","type":"post","link":"https:\/\/nvnoticias.mx\/index.php\/2024\/06\/10\/si-no-hay-suprema-corte-independiente-entrariamos-en-un-autoritarismo-irremediable-luis-maria-aguilar\/","title":{"rendered":"Si no hay Suprema Corte independiente, entrar\u00edamos en un autoritarismo irremediable: Luis Mar\u00eda Aguilar"},"content":{"rendered":"\n<p>&#8220;Si no hay Suprema Corte independiente que haga respetar la Constituci\u00f3n y los derechos humanos, esto est\u00e1 acabado, entrar\u00edamos en una etapa de autoritarismo irremediable&#8221;, afirm\u00f3 el ministro Luis Mar\u00eda Aguilar.<\/p>\n\n\n\n<p>En entrevista para la revista Abogac\u00eda realizada en mayo y publicada el pasado 3 de junio, el ministro destac\u00f3 que la Corte es fundamental en la vida de M\u00e9xico, en la democracia y la divisi\u00f3n de poderes, ya que sin ella la Constituci\u00f3n terminar\u00eda siendo un &#8220;libro bonito&#8221;.<\/p>\n\n\n\n<p>Luis Mar\u00eda Aguilar, adem\u00e1s de hablar de su larga trayectoria en el Poder Judicial, insisti\u00f3 en que la independencia es la clave de todo juzgado.<\/p>\n\n\n\n<blockquote class=\"wp-block-quote is-layout-flow wp-block-quote-is-layout-flow\">\n<p>&#8220;El que no es independiente es el mandadero de alguien&#8221;, expres\u00f3.<\/p>\n<\/blockquote>\n\n\n\n<p>Indic\u00f3 que un juez debe de enfrentarse a las presiones, pero se\u00f1al\u00f3 que la Constituci\u00f3n es la \u00fanica que debe decir c\u00f3mo hacer las cosas.<\/p>\n\n\n\n<p>Mnifest\u00f3 que a lo largo de su trabajo, jam\u00e1s habl\u00f3 con un juez o magistrado para intervenir en sus decisiones, &#8220;si lo hace mal, se les tiene que sancionar, pero es su responsabilidad&#8221;.<\/p>\n\n\n\n<p>Fuente: <a href=\"https:\/\/www.eluniversal.com.mx\/nacion\/si-no-hay-suprema-corte-independiente-entrariamos-en-un-autoritarismo-irremediable-ministro-luis-maria-aguilar\/\" data-type=\"link\" data-id=\"https:\/\/www.eluniversal.com.mx\/nacion\/si-no-hay-suprema-corte-independiente-entrariamos-en-un-autoritarismo-irremediable-ministro-luis-maria-aguilar\/\">El Universal<\/a><br><\/p>\n","protected":false},"excerpt":{"rendered":"<p>&#8220;Si no hay Suprema Corte independiente que haga respetar la Constituci\u00f3n y los derechos humanos, esto est\u00e1 acabado, entrar\u00edamos en una etapa de autoritarismo irremediable&#8221;, afirm\u00f3 el ministro Luis Mar\u00eda Aguilar. En entrevista para la revista Abogac\u00eda realizada en mayo y publicada el pasado 3 de junio, el ministro destac\u00f3 que la Corte es fundamental [&hellip;]<\/p>\n","protected":false},"author":35,"featured_media":73325,"comment_status":"open","ping_status":"open","sticky":false,"template":"","format":"standard","meta":{"_monsterinsights_skip_tracking":false,"_monsterinsights_sitenote_active":false,"_monsterinsights_sitenote_note":"","_monsterinsights_sitenote_category":0,"footnotes":""},"categories":[158],"tags":[26888,162,5460],"class_list":["post-151548","post","type-post","status-publish","format-standard","has-post-thumbnail","hentry","category-politica","tag-luis-maria-aguilar","tag-portada","tag-suprema-corte","wp-image-borders"],"amp_enabled":true,"_links":{"self":[{"href":"https:\/\/nvnoticias.mx\/index.php\/wp-json\/wp\/v2\/posts\/151548","targetHints":{"allow":["GET"]}}],"collection":[{"href":"https:\/\/nvnoticias.mx\/index.php\/wp-json\/wp\/v2\/posts"}],"about":[{"href":"https:\/\/nvnoticias.mx\/index.php\/wp-json\/wp\/v2\/types\/post"}],"author":[{"embeddable":true,"href":"https:\/\/nvnoticias.mx\/index.php\/wp-json\/wp\/v2\/users\/35"}],"replies":[{"embeddable":true,"href":"https:\/\/nvnoticias.mx\/index.php\/wp-json\/wp\/v2\/comments?post=151548"}],"version-history":[{"count":1,"href":"https:\/\/nvnoticias.mx\/index.php\/wp-json\/wp\/v2\/posts\/151548\/revisions"}],"predecessor-version":[{"id":151549,"href":"https:\/\/nvnoticias.mx\/index.php\/wp-json\/wp\/v2\/posts\/151548\/revisions\/151549"}],"wp:featuredmedia":[{"embeddable":true,"href":"https:\/\/nvnoticias.mx\/index.php\/wp-json\/wp\/v2\/media\/73325"}],"wp:attachment":[{"href":"https:\/\/nvnoticias.mx\/index.php\/wp-json\/wp\/v2\/media?parent=151548"}],"wp:term":[{"taxonomy":"category","embeddable":true,"href":"https:\/\/nvnoticias.mx\/index.php\/wp-json\/wp\/v2\/categories?post=151548"},{"taxonomy":"post_tag","embeddable":true,"href":"https:\/\/nvnoticias.mx\/index.php\/wp-json\/wp\/v2\/tags?post=151548"}],"curies":[{"name":"wp","href":"https:\/\/api.w.org\/{rel}","templated":true}]}}